{"id":1385,"date":"2025-02-13T15:32:11","date_gmt":"2025-02-13T14:32:11","guid":{"rendered":"https:\/\/blogs.ugr.es\/migranee\/?p=1385"},"modified":"2025-02-13T15:32:17","modified_gmt":"2025-02-13T14:32:17","slug":"11-2-2025-%c2%b7-elpais-%c2%b7-para-que-quiere-un-nino-con-autismo-personal-de-apoyo-la-frase-de-un-alto-cargo-de-andalucia-que-ha-caido-como-una-bomba-entre-los-padres","status":"publish","type":"post","link":"https:\/\/blogs.ugr.es\/migranee\/11-2-2025-%c2%b7-elpais-%c2%b7-para-que-quiere-un-nino-con-autismo-personal-de-apoyo-la-frase-de-un-alto-cargo-de-andalucia-que-ha-caido-como-una-bomba-entre-los-padres\/","title":{"rendered":"11\/2\/2025 \u00b7 ELPA\u00cdS \u00b7 \u201c\u00bfPara qu\u00e9 quiere un ni\u00f1o con autismo personal de apoyo?\u201d: la frase de un alto cargo de Andaluc\u00eda que ha ca\u00eddo como una bomba entre los padres"},"content":{"rendered":"\n<h4 class=\"wp-block-heading has-vivid-cyan-blue-color has-text-color has-link-color wp-elements-e08fe580ada56d82fb94eb8b56d74077\">Las familias advierten de que el cese del delegado de Educaci\u00f3n que cuestion\u00f3 la necesidad de profesionales para atender a menores con necesidades especiales, no solucionar\u00eda la falta de recursos e inician acciones para forzar cambios<\/h4>\n\n\n\n<p style=\"font-size:13px\"><a href=\"https:\/\/x.com\/Dto_Norte\/status\/1881435357469941974\">La reuni\u00f3n fue el pasado 20 de enero,<\/a>&nbsp;pero las palabras que el delegado de Desarrollo Educativo de la Junta de Andaluc\u00eda en Sevilla, Miguel \u00c1ngel Ara\u00faz, lanz\u00f3 a las representantes de 16 AMPAS del Distrito Norte de la capital, que hab\u00edan pedido un encuentro para reclamar m\u00e1s recursos para los alumnos con necesidades especiales a\u00fan resuenan. \u201c\u00bfPara qu\u00e9 quiere un ni\u00f1o con autismo un personal de apoyo? \u00bfPara aprender a mover la lengua delante del espejo?\u201c, les solt\u00f3. El presidente andaluz, el popular Juan Manuel Moreno, aunque reconoci\u00f3 que sus palabras \u201chab\u00edan sido desafortunadas\u201d, confirm\u00f3 la semana pasada a la oposici\u00f3n que no iba a atender a sus demandas de cesarlo. A las familias de esos ni\u00f1os, las que m\u00e1s dolor sufrieron por la falta de humanidad de esa intervenci\u00f3n, les importa poco la cara de quien las pronunci\u00f3 si, como asegura Roc\u00edo Morales, miembro de CODAPA (la confederaci\u00f3n de AMPA de colegios p\u00fablicos de Andaluc\u00eda) y que estuvo presente en ese encuentro, las pol\u00edticas del Gobierno aut\u00f3nomo se mantienen.<\/p>\n\n\n\n<p style=\"font-size:13px\">\u201cM\u00e1s all\u00e1 de la absoluta falta de respeto y de empat\u00eda, a nosotras sinceramente nos da igual una persona que otra, el problema son las pol\u00edticas, la falta de recursos, de especialistas en los centros\u201d, sostiene Morales, que es presidenta del AMPA del CEIP Hermanos Machado. \u201cEstamos totalmente abandonados y estamos hablando de alumnos vulnerables cuyo n\u00famero, adem\u00e1s, aumenta a\u00f1o a a\u00f1o\u201d, sostiene.<\/p>\n\n\n<div class=\"wp-block-image\">\n<figure class=\"aligncenter size-large is-resized\"><img loading=\"lazy\" decoding=\"async\" width=\"700\" height=\"508\" src=\"https:\/\/blogs.ugr.es\/migranee\/wp-content\/uploads\/sites\/147\/2025\/02\/Captura-de-pantalla-2025-02-13-a-las-15.22.08-1-700x508.jpg\" alt=\"\" class=\"wp-image-1387\" style=\"width:513px;height:auto\" srcset=\"https:\/\/blogs.ugr.es\/migranee\/wp-content\/uploads\/sites\/147\/2025\/02\/Captura-de-pantalla-2025-02-13-a-las-15.22.08-1-700x508.jpg 700w, https:\/\/blogs.ugr.es\/migranee\/wp-content\/uploads\/sites\/147\/2025\/02\/Captura-de-pantalla-2025-02-13-a-las-15.22.08-1-300x218.jpg 300w, https:\/\/blogs.ugr.es\/migranee\/wp-content\/uploads\/sites\/147\/2025\/02\/Captura-de-pantalla-2025-02-13-a-las-15.22.08-1.jpg 720w\" sizes=\"auto, (max-width: 700px) 100vw, 700px\" \/><\/figure>\n<\/div>\n\n\n<p class=\"has-text-align-center\" style=\"font-size:10px\">Reuni\u00f3n entre representantes de AMPA de colegios del Distrito Norte de Sevilla con el delegado de Educaci\u00f3n de la Junta en Sevilla, Miguel \u00c1ngel Ara\u00faz (al fondo en el centro) y otros responsables del Ayuntamiento hispalense, el pasado 20 de enero. \/ AYUNTAMIENTO DE SEVILLA<\/p>\n\n\n\n<p style=\"font-size:13px\">Las declaraciones del delegado de Sevilla han servido para poner el foco, aunque no por las razones correctas, las carencias de la atenci\u00f3n a la diversidad en Andaluc\u00eda, pero las madres no quieren que la atenci\u00f3n se esfume conforme amaine esta pol\u00e9mica. Por eso han puesto en marcha una mesa de trabajo en el Parlamento con todos los grupos pol\u00edticos al que la consejera se comprometi\u00f3 a acudir, cuando las propias madres se lo propusieron la semana pasada en la C\u00e1mara auton\u00f3mica, para trabajar en propuestas concretas de mejora, y tambi\u00e9n van a analizar las instrucciones que regulan la atenci\u00f3n de los estudiantes con necesidades especiales \u201cpara analizar su contenido y ver los m\u00e1rgenes de mejora\u201d. \u201cTambi\u00e9n vamos a plantear movilizaciones, pero m\u00e1s adelante\u201d, indica Morales.<\/p>\n\n\n\n<p style=\"font-size:13px\">La insuficiente atenci\u00f3n hacia los alumnos con necesidades especiales en los centros educativos p\u00fablicos andaluces&nbsp;<a href=\"https:\/\/elpais.com\/espana\/andalucia\/2024-09-25\/las-carencias-que-encienden-el-arranque-del-curso-escolar-en-andalucia-nos-tratan-como-a-numeros.html\" target=\"_blank\" rel=\"noreferrer noopener\">es una cr\u00edtica recurrente hacia la Junta,<\/a>&nbsp;no solo por parte de la oposici\u00f3n, sino de los docentes y los padres de estos ni\u00f1os. Ante estos reproches, el Gobierno de Moreno apela a los datos, que compara siempre con 2018, el \u00faltimo a\u00f1o en el que el PSOE estuvo al frente de la comunidad. \u201cLos alumnos con necesidades educativas especiales cuentan actualmente con la mayor plantilla de atenci\u00f3n a la diversidad de la historia del sistema educativo andaluz, integrada por 13.600 profesionales entre docentes, maestros especialistas, orientadores y Personal T\u00e9cnico de Integraci\u00f3n Social (PTIS), lo que supone un incremento de un 34% respecto al 2018\u201d, afirm\u00f3 la consejera de Desarrollo Educativo,&nbsp;<a href=\"https:\/\/www.juntadeandalucia.es\/educacion\/portales\/web\/actualidad\/w\/castillo-destaca-que-andalucia-cuenta-con-la-mayor-plantilla-de-profesionales-de-atencion-a-la-diversidad-de-la-historia?redirect=\/educacion\/portales\/web\/actualidad\/noticias\" target=\"_blank\" rel=\"noreferrer noopener\">Carmen Castillo, en el \u00faltimo pleno parlamentario de la semana pasada.<\/a><\/p>\n\n\n\n<p style=\"font-size:13px\">En esa comparecencia, la consejera desgran\u00f3 m\u00e1s cifras: los \u00faltimos seis a\u00f1os ha aumentado en un 50% el n\u00famero de PTIS que apoyan a los escolares en las aulas ordinarias y espec\u00edficas. Adem\u00e1s, las aulas andaluzas cuentan este curso con casi 6.000 maestros especialistas de Pedagog\u00eda Terap\u00e9utica (PT), 2.000 de Audici\u00f3n y Lenguaje (AL) y 2.200 orientadores y se han puesto en marcha m\u00e1s de 1.000 unidades m\u00e1s de Educaci\u00f3n Espec\u00edfica y Aulas de Apoyo a la Integraci\u00f3n, \u201cun incremento posible por una inversi\u00f3n r\u00e9cord que alcanza los 589 millones de euros, un 74% m\u00e1s que en 2018\u201d, remarc\u00f3 la consejera. La Consejer\u00eda no ha facilitado los datos de estudiantes con necesidades especiales en la comunidad, una cifra que en el curso pasado era de 93.109, de los que 83.227 (el 89,4%) estaban escolarizados en aulas ordinarias.<\/p>\n\n\n\n<p style=\"font-size:13px\">Unas cifras que, sin embargo, no parecen reproducirse en el aula. \u201cNo paran de hablarnos de incremento, pero todos esos datos, esas cifras, en los centros no se palpan. La realidad es otra\u201d, indica Morales, que pone su propio centro como ejemplo. El CEIP Hermanos Machado es un centro de compensatoria de unos 140 alumnos, de los que el 37% tiene necesidades especiales. \u201cDesde el a\u00f1o pasado el Ayuntamiento nos ha quitado el trabajador social, pero, al menos hemos conseguido un AL permanente. Tenemos un PT en el aula TEA [para ni\u00f1os con espectro autista], otro para el aula&nbsp;<em>pluri<\/em>, como estipula la normativa, y otro para el resto, que est\u00e1 escolarizado, pero es que el resto son 50 alumnos, por lo que se pasa por las clases una o dos veces por semana\u201d, explica. Morales pone el ejemplo de c\u00f3mo en algunas aulas de 18 alumnos, nueve tienen necesidades especiales.<\/p>\n\n\n\n<p style=\"font-size:13px\">Un problema que evidencia la necesidad de establecer una ratio espec\u00edfica para limitar el n\u00famero de alumnos con necesidades especiales por especialista. Una de las demandas tradicionales de las AMPA y de los sindicatos de profesores. \u201cEl profesorado est\u00e1 saturado, la Junta puede cumplir con el criterio tener un PT en el centro, pero si tiene que atender a 50, 54 personas, no le va a dar m\u00e1s que para estar 20 minutos a la semana con cada ni\u00f1o, y eso se traduce en una desatenci\u00f3n\u201d, explica Daniel Fern\u00e1ndez, portavoz de Ustea y responsable del \u00e1rea de atenci\u00f3n a la diversidad y la inclusi\u00f3n.<\/p>\n\n\n\n<p style=\"font-size:13px\">Fern\u00e1ndez tambi\u00e9n llama la atenci\u00f3n sobre el hecho de que muchos de estos especialistas realicen su trabajo en distintos centros, lo que les quita horas que se compensan por el tiempo que destinan a desplazarse. \u201cLa ausencia de especialistas muchas veces se suple por el buenismo del resto de compa\u00f1eros que est\u00e1n muy concienciados, pero a veces no llegan a todo y al final los padres tienen que estar pendientes del tel\u00e9fono, porque sin atenci\u00f3n individualizada, les pueden llamar en cualquier momento porque no se puede atender a sus necesidades\u201d, indica. \u201cPara qu\u00e9 nos sirve tener un PT en un aula espec\u00edfica, si luego no hay monitor en el comedor, fuera de las clases tambi\u00e9n necesitan atenci\u00f3n\u201d, indica Morales.<\/p>\n\n\n\n<p style=\"font-size:13px\">Desde Ustea tambi\u00e9n se llama la atenci\u00f3n sobre la movilidad de una plantilla que tambi\u00e9n interrumpe el desarrollo de estos ni\u00f1os, que requieren de una rutina que pierden si cambian cada a\u00f1o de especialista, y que tambi\u00e9n les cuesta adquirir a los docentes. \u201cCuando se incorporan a un centro tienen que conocer a los chicos, a sus familias, sus necesidades, adaptarse al centro, eso requiere tiempo\u201d, indica Fern\u00e1ndez.<\/p>\n\n\n\n<p>Referencia<\/p>\n\n\n\n<ul class=\"wp-block-list\">\n<li><a href=\"https:\/\/elpais.com\/espana\/andalucia\/2025-02-11\/para-que-quiere-un-nino-con-autismo-personal-de-apoyo-la-frase-de-un-alto-cargo-de-andalucia-que-ha-caido-como-una-bomba-entre-los-padres.html\">https:\/\/elpais.com\/espana\/andalucia\/2025-02-11\/para-que-quiere-un-nino-con-autismo-personal-de-apoyo-la-frase-de-un-alto-cargo-de-andalucia-que-ha-caido-como-una-bomba-entre-los-padres.html<\/a><\/li>\n<\/ul>\n\n\n\n<p><\/p>\n","protected":false},"excerpt":{"rendered":"<p>Las familias advierten de que el cese del delegado de Educaci\u00f3n que cuestion\u00f3 la necesidad de profesionales para atender a menores con necesidades especiales, no solucionar\u00eda la falta de recursos e inician acciones para forzar cambios La reuni\u00f3n fue el pasado 20 de enero,&nbsp;pero las palabras que el delegado de Desarrollo Educativo de la Junta [&hellip;]<\/p>\n","protected":false},"author":661,"featured_media":1387,"comment_status":"open","ping_status":"closed","sticky":false,"template":"","format":"standard","meta":{"_genesis_hide_title":false,"_genesis_hide_breadcrumbs":false,"_genesis_hide_singular_image":false,"_genesis_hide_footer_widgets":false,"_genesis_custom_body_class":"","_genesis_custom_post_class":"","_genesis_layout":"","footnotes":""},"categories":[1],"tags":[],"class_list":{"0":"post-1385","1":"post","2":"type-post","3":"status-publish","4":"format-standard","5":"has-post-thumbnail","7":"category-proyecto-migranee","8":"entry"},"_links":{"self":[{"href":"https:\/\/blogs.ugr.es\/migranee\/wp-json\/wp\/v2\/posts\/1385","targetHints":{"allow":["GET"]}}],"collection":[{"href":"https:\/\/blogs.ugr.es\/migranee\/wp-json\/wp\/v2\/posts"}],"about":[{"href":"https:\/\/blogs.ugr.es\/migranee\/wp-json\/wp\/v2\/types\/post"}],"author":[{"embeddable":true,"href":"https:\/\/blogs.ugr.es\/migranee\/wp-json\/wp\/v2\/users\/661"}],"replies":[{"embeddable":true,"href":"https:\/\/blogs.ugr.es\/migranee\/wp-json\/wp\/v2\/comments?post=1385"}],"version-history":[{"count":2,"href":"https:\/\/blogs.ugr.es\/migranee\/wp-json\/wp\/v2\/posts\/1385\/revisions"}],"predecessor-version":[{"id":1392,"href":"https:\/\/blogs.ugr.es\/migranee\/wp-json\/wp\/v2\/posts\/1385\/revisions\/1392"}],"wp:featuredmedia":[{"embeddable":true,"href":"https:\/\/blogs.ugr.es\/migranee\/wp-json\/wp\/v2\/media\/1387"}],"wp:attachment":[{"href":"https:\/\/blogs.ugr.es\/migranee\/wp-json\/wp\/v2\/media?parent=1385"}],"wp:term":[{"taxonomy":"category","embeddable":true,"href":"https:\/\/blogs.ugr.es\/migranee\/wp-json\/wp\/v2\/categories?post=1385"},{"taxonomy":"post_tag","embeddable":true,"href":"https:\/\/blogs.ugr.es\/migranee\/wp-json\/wp\/v2\/tags?post=1385"}],"curies":[{"name":"wp","href":"https:\/\/api.w.org\/{rel}","templated":true}]}}