{"id":345,"date":"2024-04-18T13:09:12","date_gmt":"2024-04-18T11:09:12","guid":{"rendered":"https:\/\/blogs.ugr.es\/migranee\/?p=345"},"modified":"2024-05-21T09:02:46","modified_gmt":"2024-05-21T07:02:46","slug":"prueba-entrada-1","status":"publish","type":"post","link":"https:\/\/blogs.ugr.es\/migranee\/prueba-entrada-1\/","title":{"rendered":"17\/04\/2024 \u00b7 RTVE \u00b7 Noticias: \u00abLas minor\u00edas \u00e9tnicas est\u00e1n infrarrepresentadas en los estudios sobre patolog\u00edas cr\u00f3nicas, seg\u00fan una investigaci\u00f3n\u00bb."},"content":{"rendered":"\n<p style=\"font-style:normal;font-weight:700\">Fragmentos de la Noticia<\/p>\n\n\n\n<p class=\"has-small-font-size\">\u00abLas minor\u00edas \u00e9tnicas est\u00e1n infrarrepresentadas en estudios sobre diversas patolog\u00edas cr\u00f3nicas o discapacidades que necesitan servicios de atenci\u00f3n m\u00e9dica y cuidados a largo plazo (MLTC, por sus siglas en ingl\u00e9s),<strong>&nbsp;a pesar de ser m\u00e1s propensas a padecerlas<\/strong>. As\u00ed lo demuestra una revisi\u00f3n sistem\u00e1tica,&nbsp;publicada en Journal of the Royal Society of Medicine, que ha encontrado en diversos estudios experimentales una falta de informaci\u00f3n sobre la etnicidad, adem\u00e1s de que los grupos \u00e9tnicos minoritarios estaban infrarrepresentados. La prevalencia de este tipo de patolog\u00edas a largo plazo est\u00e1 en aumento debido al envejecimiento de la poblaci\u00f3n y a cambios en el estilo de vida. En Inglaterra, se estima que uno de cada cuatro adultos tiene dos o m\u00e1s condiciones de salud a largo plazo, lo que afecta la calidad de vida y los costos de atenci\u00f3n m\u00e9dica. Seg\u00fan investigaciones previas,<strong>&nbsp;las minor\u00edas \u00e9tnicas tienen el problema a\u00f1adido de que tienen m\u00e1s probabilidades de disponer de menos recursos econ\u00f3micos y sociales<\/strong>, un factor clave en el desarrollo de las MLTC.\u00bb<\/p>\n\n\n\n<p class=\"has-small-font-size\">\u00abEl estatus socioecon\u00f3mico se inform\u00f3 en 12 de los 13 estudios, pero la representaci\u00f3n de grupos de bajos ingresos vari\u00f3 entre los estudios debido a diferentes medidas utilizadas. Dado que<strong>&nbsp;los grupos de bajos ingresos tienen m\u00e1s probabilidades de padecer patolog\u00edas cr\u00f3nicas o discapacidades que necesitan servicios de atenci\u00f3n m\u00e9dica y cuidados a largo plazo<\/strong>, el art\u00edculo solicita que la informaci\u00f3n sobre la situaci\u00f3n econ\u00f3mica y social se presente de una manera uniforme y coherente. \u201cSe debe reconocer que los datos \u00e9tnicos son tan importantes como informar el sexo y la edad de los participantes\u00bb, asegura la investigadora principal,&nbsp;<strong>Zara Kayani<\/strong>, de la Universidad de Leicester, quien cree que \u201cse necesita una mejor representaci\u00f3n de los grupos desatendidos en la investigaci\u00f3n sanitaria. Esto contribuir\u00eda a reducir las desigualdades en salud y garantizar\u00eda que la investigaci\u00f3n sanitaria refleje a aquellos grupos para quienes puede resultar m\u00e1s ventajosa\u201d.<\/p>\n\n\n\n<p><\/p>\n\n\n\n<p><strong>Referencias<\/strong><\/p>\n\n\n\n<ul class=\"wp-block-list\" style=\"font-size:15px\">\n<li><a href=\"https:\/\/www.rtve.es\/noticias\/20240417\/minorias-etnicas-infrarrepresentadas-estudios-sobre-patologias-cronicas-segun-investigacion\/16064225.shtml\" data-type=\"link\" data-id=\"https:\/\/www.rtve.es\/noticias\/20240417\/minorias-etnicas-infrarrepresentadas-estudios-sobre-patologias-cronicas-segun-investigacion\/16064225.shtml\">Images, G. (2024, 17 abril). Las minor\u00edas \u00e9tnicas est\u00e1n infrarrepresentadas en los estudios sobre patolog\u00edas cr\u00f3nicas, seg\u00fan una investigaci\u00f3n.\u00a0<em>RTVE.es<\/em>.\u00a0https:\/\/www.rtve.es\/noticias\/20240417\/minorias-etnicas-infrarrepresentadas-estudios-sobre-patologias-cronicas-segun-investigacion\/16064225.shtml<\/a><\/li>\n<\/ul>\n\n\n\n<ul class=\"wp-block-list\" style=\"font-size:15px\">\n<li><a href=\"https:\/\/journals.sagepub.com\/doi\/10.1177\/01410768241233109\" data-type=\"link\" data-id=\"https:\/\/journals.sagepub.com\/doi\/10.1177\/01410768241233109\">Kayani, Z., Willis, A., Salisu-Olatunji, S. O., Jeffers, S., Khunti, K., &amp; Routen, A. (2024). Reporting and representation of underserved groups in intervention studies for patients with multiple long-term conditions: a systematic review.\u00a0<em>Journal of the Royal Society of Medicine<\/em>, 01410768241233109.<\/a><\/li>\n<\/ul>\n","protected":false},"excerpt":{"rendered":"<p>Fragmentos de la Noticia \u00abLas minor\u00edas \u00e9tnicas est\u00e1n infrarrepresentadas en estudios sobre diversas patolog\u00edas cr\u00f3nicas o discapacidades que necesitan servicios de atenci\u00f3n m\u00e9dica y cuidados a largo plazo (MLTC, por sus siglas en ingl\u00e9s),&nbsp;a pesar de ser m\u00e1s propensas a padecerlas. As\u00ed lo demuestra una revisi\u00f3n sistem\u00e1tica,&nbsp;publicada en Journal of the Royal Society of Medicine, [&hellip;]<\/p>\n","protected":false},"author":661,"featured_media":450,"comment_status":"open","ping_status":"closed","sticky":false,"template":"","format":"standard","meta":{"_genesis_hide_title":false,"_genesis_hide_breadcrumbs":true,"_genesis_hide_singular_image":false,"_genesis_hide_footer_widgets":false,"_genesis_custom_body_class":"","_genesis_custom_post_class":"","_genesis_layout":"","footnotes":""},"categories":[1],"tags":[],"class_list":{"0":"post-345","1":"post","2":"type-post","3":"status-publish","4":"format-standard","5":"has-post-thumbnail","7":"category-proyecto-migranee","8":"entry"},"_links":{"self":[{"href":"https:\/\/blogs.ugr.es\/migranee\/wp-json\/wp\/v2\/posts\/345","targetHints":{"allow":["GET"]}}],"collection":[{"href":"https:\/\/blogs.ugr.es\/migranee\/wp-json\/wp\/v2\/posts"}],"about":[{"href":"https:\/\/blogs.ugr.es\/migranee\/wp-json\/wp\/v2\/types\/post"}],"author":[{"embeddable":true,"href":"https:\/\/blogs.ugr.es\/migranee\/wp-json\/wp\/v2\/users\/661"}],"replies":[{"embeddable":true,"href":"https:\/\/blogs.ugr.es\/migranee\/wp-json\/wp\/v2\/comments?post=345"}],"version-history":[{"count":3,"href":"https:\/\/blogs.ugr.es\/migranee\/wp-json\/wp\/v2\/posts\/345\/revisions"}],"predecessor-version":[{"id":793,"href":"https:\/\/blogs.ugr.es\/migranee\/wp-json\/wp\/v2\/posts\/345\/revisions\/793"}],"wp:featuredmedia":[{"embeddable":true,"href":"https:\/\/blogs.ugr.es\/migranee\/wp-json\/wp\/v2\/media\/450"}],"wp:attachment":[{"href":"https:\/\/blogs.ugr.es\/migranee\/wp-json\/wp\/v2\/media?parent=345"}],"wp:term":[{"taxonomy":"category","embeddable":true,"href":"https:\/\/blogs.ugr.es\/migranee\/wp-json\/wp\/v2\/categories?post=345"},{"taxonomy":"post_tag","embeddable":true,"href":"https:\/\/blogs.ugr.es\/migranee\/wp-json\/wp\/v2\/tags?post=345"}],"curies":[{"name":"wp","href":"https:\/\/api.w.org\/{rel}","templated":true}]}}