{"id":1028,"date":"2025-11-19T21:17:39","date_gmt":"2025-11-19T20:17:39","guid":{"rendered":"https:\/\/blogs.ugr.es\/musicaygenero\/?p=1028"},"modified":"2025-12-16T09:58:37","modified_gmt":"2025-12-16T08:58:37","slug":"aitana-y-la-afirmacion-femenina-en-el-alpha-tour","status":"publish","type":"post","link":"https:\/\/blogs.ugr.es\/musicaygenero\/aitana-y-la-afirmacion-femenina-en-el-alpha-tour\/","title":{"rendered":"Aitana y la afirmaci\u00f3n femenina en el Alpha Tour"},"content":{"rendered":"<h2>Por Alicia Arroyo Reina<\/h2>\n<p><img loading=\"lazy\" decoding=\"async\" class=\"alignleft size-full wp-image-1029\" src=\"https:\/\/blogs.ugr.es\/musicaygenero\/wp-content\/uploads\/sites\/68\/2025\/11\/Imagen-1-2.png\" alt=\"\" width=\"800\" height=\"450\" srcset=\"https:\/\/blogs.ugr.es\/musicaygenero\/wp-content\/uploads\/sites\/68\/2025\/11\/Imagen-1-2.png 800w, https:\/\/blogs.ugr.es\/musicaygenero\/wp-content\/uploads\/sites\/68\/2025\/11\/Imagen-1-2-300x169.png 300w, https:\/\/blogs.ugr.es\/musicaygenero\/wp-content\/uploads\/sites\/68\/2025\/11\/Imagen-1-2-700x394.png 700w\" sizes=\"auto, (max-width: 800px) 100vw, 800px\" \/><\/p>\n<p>&nbsp;<\/p>\n<p>&nbsp;<\/p>\n<p>&nbsp;<\/p>\n<p>&nbsp;<\/p>\n<p>&nbsp;<\/p>\n<p>&nbsp;<\/p>\n<p>&nbsp;<\/p>\n<p>&nbsp;<\/p>\n<p>&nbsp;<\/p>\n<p>&nbsp;<\/p>\n<p>&nbsp;<\/p>\n<p>&nbsp;<\/p>\n<p>&nbsp;<\/p>\n<p>El 12 de octubre de 2023, Aitana present\u00f3 en el Palau Sant Jordi de Barcelona una de las citas m\u00e1s esperadas de su Alpha Tour, ante m\u00e1s de 17.000 espectadores. Aquella noche no fue solo un despliegue de luces, coreograf\u00edas y \u00e9xitos pop: fue tambi\u00e9n un acto de afirmaci\u00f3n art\u00edstica y simb\u00f3lica, en el que la cantante propuso una lectura del pop contempor\u00e1neo atravesada por una clara conciencia de g\u00e9nero. En su concierto, Aitana no solo mostr\u00f3 su crecimiento musical, sino que reconfigur\u00f3 su figura p\u00fablica desde una mirada feminista, sutil pero decidida.<\/p>\n<p>Desde su apertura con <em>Alpha09<\/em> y <em>Los \u00c1ngeles<\/em>, se percibi\u00f3 que Aitana hab\u00eda apostado por un relato de empoderamiento. La escenograf\u00eda \u2014dominado por tonos lilas y neones rosados, tradicionalmente asociados a lo femenino\u2014 no se limitaba a lo decorativo: serv\u00eda para reapropiarse de los c\u00f3digos est\u00e9ticos del pop comercial y transformarlos en herramientas de poder. En un g\u00e9nero hist\u00f3ricamente criticado por la cosificaci\u00f3n de la mujer, Aitana se presentaba como sujeto activo del deseo y de la narrativa. Su cuerpo no era objeto de observaci\u00f3n, sino instrumento de expresi\u00f3n.<\/p>\n<p>El \u00e1lbum <em>Alpha<\/em>, columna vertebral del espect\u00e1culo, ya hab\u00eda anunciado esta intenci\u00f3n. Temas como <em>Las babys<\/em> o <em>Los \u00c1ngeles<\/em> desplazan la mirada masculina que suele dominar el pop, proponiendo una visi\u00f3n del placer y la autonom\u00eda femenina sin culpa ni disculpa. En el directo, esta postura se intensific\u00f3 a trav\u00e9s de la puesta en escena: las coreograf\u00edas, elaboradas pero precisas, mostraban a una artista que se mueve con determinaci\u00f3n, rodeada de un cuerpo de baile mixto que romp\u00eda la jerarqu\u00eda tradicional entre cantante y bailarines. No se trataba de reforzar una imagen sexualizada, sino de reivindicar la corporalidad como un espacio de libertad.<\/p>\n<p>La voz de Aitana, aunque en algunos pasajes se vio algo eclipsada por la potencia de la producci\u00f3n electr\u00f3nica, mantuvo un registro emotivo y firme. En canciones como <em>Vas a quedarte<\/em> o <em>Con la miel en los labios<\/em>, la vulnerabilidad no se present\u00f3 como debilidad, sino como parte leg\u00edtima de la experiencia femenina. Esta lectura resulta relevante: en un panorama donde el empoderamiento a menudo se asocia \u00fanicamente con la fuerza o la autosuficiencia, Aitana apost\u00f3 por una forma de poder m\u00e1s compleja, que integra la emoci\u00f3n y la fragilidad sin renunciar a la autoridad esc\u00e9nica.<\/p>\n<p>Uno de los momentos m\u00e1s significativos del concierto fue <em>Las babys<\/em>, interpretada como un himno colectivo en el que miles de mujeres coreaban una letra que celebra la libertad de salir, bailar y apropiarse del espacio nocturno. Esa escena sintetiz\u00f3 el esp\u00edritu del <em>Alpha Tour<\/em>: la reivindicaci\u00f3n del ocio femenino como acto pol\u00edtico. En un contexto donde la noche sigue siendo un territorio cargado de desigualdades y riesgos, la canci\u00f3n adquiri\u00f3 una dimensi\u00f3n simb\u00f3lica poderosa.<\/p>\n<p>Otro momento muy se\u00f1alado fue el baile de <em>Miamor<\/em>, el cual se interpreta como una expresi\u00f3n natural de su crecimiento como artista, el cual tuvo muchas cr\u00edticas.<\/p>\n<p>Hay una cr\u00edtica, publicada en <em>El Peri\u00f3dico<\/em>, la cual defiende la libertad art\u00edstica de Aitana y celebra su evoluci\u00f3n profesional. El autor sostiene que la sensualidad es un rasgo inherente al pop desde sus inicios, y que la cantante simplemente se inscribe en esa tradici\u00f3n. Esta cr\u00edtica subraya que explorar nuevas formas de expresi\u00f3n es parte del desarrollo creativo, y que Aitana tiene pleno derecho a incorporar una faceta m\u00e1s sensual sin que esto implique perder autenticidad. Otro punto clave es la coherencia entre la letra de <em>Miamor<\/em>, que describe una relaci\u00f3n apasionada, y su acompa\u00f1amiento visual. Seg\u00fan esta visi\u00f3n, la sensualidad en escena no solo est\u00e1 justificada, sino que resulta necesaria como extensi\u00f3n del mensaje de la canci\u00f3n. As\u00ed, la cr\u00edtica concluye que Aitana no responde a una imposici\u00f3n de la industria, sino que toma decisiones creativas acordes con su identidad art\u00edstica en evoluci\u00f3n.<\/p>\n<p>Aitana supo equilibrar lo l\u00fadico y lo reflexivo, lo \u00edntimo y lo p\u00fablico. La proyecci\u00f3n visual del espect\u00e1culo \u2014basada en im\u00e1genes de espejos, luces intermitentes y geometr\u00edas envolventes\u2014 evocaba la idea de una identidad femenina en constante transformaci\u00f3n. No era casual que la artista hablara, en varios momentos, de \u201creencontrarse con una nueva versi\u00f3n de s\u00ed misma\u201d: ese mensaje dialoga directamente con el discurso feminista sobre la autonom\u00eda y la reconstrucci\u00f3n del yo.<\/p>\n<p>El p\u00fablico, compuesto mayoritariamente por j\u00f3venes mujeres, respondi\u00f3 con una energ\u00eda que confirmaba el poder de identificaci\u00f3n que Aitana genera. En sus interacciones, la artista mantuvo un tono cercano, incluso sororal, reforzando la sensaci\u00f3n de comunidad y de representaci\u00f3n compartida. M\u00e1s que una simple int\u00e9rprete, Aitana se mostr\u00f3 como una mediadora simb\u00f3lica entre la experiencia individual y la colectiva de ser mujer en la cultura pop contempor\u00e1nea.<\/p>\n<p>En definitiva, el concierto de Aitana en Barcelona trascendi\u00f3 el espect\u00e1culo musical para convertirse en una declaraci\u00f3n de identidad y g\u00e9nero. Con <em>Alpha<\/em>, la artista redefine qu\u00e9 significa ser mujer en el pop del siglo XXI: no como musa ni como producto, sino como creadora, narradora y sujeto de deseo. Su actuaci\u00f3n en el Sant Jordi fue una celebraci\u00f3n de esa conquista, una invitaci\u00f3n a bailar, a sentir y a pensar desde el cuerpo y la palabra propia.<\/p>\n<p>&nbsp;<\/p>\n<p><strong>Referencias<\/strong><\/p>\n<p>El Peri\u00f3dico de Espa\u00f1a. (2023, octubre 13). <em>Concierto de Aitana en el Palau Sant Jordi de Barcelona: hora, accesos, c\u00f3mo llegar y apertura de puertas <\/em><a href=\"https:\/\/www.elperiodico.com\/es\/ocio-y-cultura\/20231013\/concierto-aitana-palau-sant-jordi-93213622\">https:\/\/www.elperiodico.com\/es\/ocio-y-cultura\/20231013\/concierto-aitana-palau-sant-jordi-93213622<\/a><\/p>\n<p>John Reyes. (2023, 13 de octubre). <em>Aitana es la reina de Espa\u00f1a y, en Barcelona, a\u00fan m\u00e1s<\/em>. Hoy Magazine. <a href=\"https:\/\/www.hoymagazine.es\/aitana-es-la-reina-de-espana-y-en-barcelona-aun-mas\/\">https:\/\/www.hoymagazine.es\/aitana-es-la-reina-de-espana-y-en-barcelona-aun-mas\/<\/a><\/p>\n<p>Santi Puig. (2023, 12 de octubre). <em>Aitana rodeada de un mar blanco lleno de emociones en Barcelona<\/em>. Metronome Magazine. <a href=\"https:\/\/metronome.es\/aitana-rodeada-de-un-mar-blanco-lleno-de-emociones-en-barcelona\/\">https:\/\/metronome.es\/aitana-rodeada-de-un-mar-blanco-lleno-de-emociones-en-barcelona\/<\/a><\/p>\n<p>El Peri\u00f3dico de Espa\u00f1a. (2024, enero 13). <em>Aitana, ante las cr\u00edticas por la sensualidad de su gira: \u00abEsta es una pol\u00e9mica que nunca tendr\u00eda que haber existido\u00bb<\/em>. <a href=\"https:\/\/www.epe.es\/es\/cultura\/20240113\/aitana-criticas-sensualidad-gira-polemica-96835861\">https:\/\/www.epe.es\/es\/cultura\/20240113\/aitana-criticas-sensualidad-gira-polemica-96835861<\/a><\/p>\n<p>BlinkSone. (2023, 12 octubre). <em>Aitana \u2013 Las babies (Live)<\/em> [V\u00eddeo]. YouTube. <a href=\"https:\/\/www.youtube.com\/watch?v=xu8hwU-WaEQ\">https:\/\/www.youtube.com\/watch?v=xu8hwU-WaEQ<\/a><\/p>\n<p>BlinkSone. (2023, 12 octubre). <em>Aitana \u2013 Miamor (Live)<\/em> [V\u00eddeo]. YouTube. <a href=\"https:\/\/youtu.be\/mWWIbZ_4USQ?si=4QQ4y8SId9yD-2_i\">https:\/\/youtu.be\/mWWIbZ_4USQ?si=4QQ4y8SId9yD-2_i<\/a><\/p>\n","protected":false},"excerpt":{"rendered":"<p>Por Alicia Arroyo Reina &nbsp; &nbsp; &nbsp; &nbsp; &nbsp; &nbsp; &nbsp; &nbsp; &nbsp; &nbsp; &nbsp; &nbsp; &nbsp; El 12 de octubre de 2023, Aitana present\u00f3 en el Palau Sant Jordi de Barcelona una de las citas m\u00e1s esperadas de su Alpha Tour, ante m\u00e1s de 17.000 espectadores. Aquella noche no fue solo un despliegue de&hellip; <a href=\"https:\/\/blogs.ugr.es\/musicaygenero\/aitana-y-la-afirmacion-femenina-en-el-alpha-tour\/\" class=\"more-link\">Leer m\u00e1s <span class=\"screen-reader-text\">acerca de Aitana y la afirmaci\u00f3n femenina en el Alpha Tour<\/span><\/a><\/p>\n","protected":false},"author":515,"featured_media":0,"comment_status":"open","ping_status":"closed","sticky":false,"template":"","format":"standard","meta":{"_genesis_hide_title":false,"_genesis_hide_breadcrumbs":false,"_genesis_hide_singular_image":false,"_genesis_hide_footer_widgets":false,"_genesis_custom_body_class":"","_genesis_custom_post_class":"","_genesis_layout":"","footnotes":""},"categories":[11],"tags":[],"class_list":{"0":"post-1028","1":"post","2":"type-post","3":"status-publish","4":"format-standard","6":"category-curso-2025-2026","7":"entry","8":"has-post-thumbnail"},"_links":{"self":[{"href":"https:\/\/blogs.ugr.es\/musicaygenero\/wp-json\/wp\/v2\/posts\/1028","targetHints":{"allow":["GET"]}}],"collection":[{"href":"https:\/\/blogs.ugr.es\/musicaygenero\/wp-json\/wp\/v2\/posts"}],"about":[{"href":"https:\/\/blogs.ugr.es\/musicaygenero\/wp-json\/wp\/v2\/types\/post"}],"author":[{"embeddable":true,"href":"https:\/\/blogs.ugr.es\/musicaygenero\/wp-json\/wp\/v2\/users\/515"}],"replies":[{"embeddable":true,"href":"https:\/\/blogs.ugr.es\/musicaygenero\/wp-json\/wp\/v2\/comments?post=1028"}],"version-history":[{"count":3,"href":"https:\/\/blogs.ugr.es\/musicaygenero\/wp-json\/wp\/v2\/posts\/1028\/revisions"}],"predecessor-version":[{"id":1079,"href":"https:\/\/blogs.ugr.es\/musicaygenero\/wp-json\/wp\/v2\/posts\/1028\/revisions\/1079"}],"wp:attachment":[{"href":"https:\/\/blogs.ugr.es\/musicaygenero\/wp-json\/wp\/v2\/media?parent=1028"}],"wp:term":[{"taxonomy":"category","embeddable":true,"href":"https:\/\/blogs.ugr.es\/musicaygenero\/wp-json\/wp\/v2\/categories?post=1028"},{"taxonomy":"post_tag","embeddable":true,"href":"https:\/\/blogs.ugr.es\/musicaygenero\/wp-json\/wp\/v2\/tags?post=1028"}],"curies":[{"name":"wp","href":"https:\/\/api.w.org\/{rel}","templated":true}]}}