{"id":1057,"date":"2025-11-20T10:43:01","date_gmt":"2025-11-20T09:43:01","guid":{"rendered":"https:\/\/blogs.ugr.es\/musicaygenero\/?p=1057"},"modified":"2025-11-20T11:44:27","modified_gmt":"2025-11-20T10:44:27","slug":"elena-peinado-la-mujer-detras-de-la-batuta","status":"publish","type":"post","link":"https:\/\/blogs.ugr.es\/musicaygenero\/elena-peinado-la-mujer-detras-de-la-batuta\/","title":{"rendered":"ELENA PEINADO, LA MUJER DETR\u00c1S DE LA BATUTA"},"content":{"rendered":"<h2>Por Marta Gil Ballestero<\/h2>\n<h3>\u201cYo no he tenido nunca como meta imitar a nadie como directora coral; he procurado formarme al m\u00e1ximo y he seguido mi propio camino\u201d.<\/h3>\n<figure id=\"attachment_1058\" aria-describedby=\"caption-attachment-1058\" style=\"width: 275px\" class=\"wp-caption alignleft\"><img loading=\"lazy\" decoding=\"async\" class=\"size-full wp-image-1058\" src=\"https:\/\/blogs.ugr.es\/musicaygenero\/wp-content\/uploads\/sites\/68\/2025\/11\/Imagen-1-6.jpg\" alt=\"\" width=\"275\" height=\"369\" srcset=\"https:\/\/blogs.ugr.es\/musicaygenero\/wp-content\/uploads\/sites\/68\/2025\/11\/Imagen-1-6.jpg 275w, https:\/\/blogs.ugr.es\/musicaygenero\/wp-content\/uploads\/sites\/68\/2025\/11\/Imagen-1-6-224x300.jpg 224w\" sizes=\"auto, (max-width: 275px) 100vw, 275px\" \/><figcaption id=\"caption-attachment-1058\" class=\"wp-caption-text\">Elena Peinado sentada al piano. Fotograf\u00eda de Marta Gil Ballestero<\/figcaption><\/figure>\n<p>Disciplinada, constante, respetuosa y entregada: as\u00ed se define Elena Peinado, una mujer que ha dedicado su vida entera a la m\u00fasica y a la formaci\u00f3n de generaciones de j\u00f3venes cantores. Desde peque\u00f1a creci\u00f3 en un ambiente donde el respeto y la responsabilidad fueron valores fundamentales. Ser la mayor de seis hermanos la oblig\u00f3 a madurar r\u00e1pido y a tomar conciencia temprana de sus aspiraciones.<\/p>\n<p>Comenz\u00f3 sus estudios de piano con solo seis a\u00f1os y su talento destac\u00f3 de inmediato. A\u00fan recuerda cuando su padre pregunt\u00f3 a la madre Rosario, su profesora, si su habilidad era realmente tan especial, y ella respondi\u00f3 que era la alumna con m\u00e1s aptitudes que hab\u00eda tenido. Elena reconoce que la disciplina fue dura en muchos momentos, pero afirma que esa exigencia la hizo convertirse en la profesional que es hoy.<\/p>\n<p>Durante su paso por el Conservatorio Superior de Granada vivi\u00f3 episodios que marcaron su car\u00e1cter. Uno de ellos ocurri\u00f3 con su profesor de transporte, Don Adolfo, quien la reprendi\u00f3 por matricularse en la segunda parte de la asignatura, algo que ning\u00fan alumno hab\u00eda logrado cursar simult\u00e1neamente. Despu\u00e9s de obtener matr\u00edcula de honor en la primera parte, fue \u00e9l mismo quien la anim\u00f3 a intentarlo.<\/p>\n<p>A los veinticinco a\u00f1os se convirti\u00f3 en madre del primero de sus cinco hijos, lo que supuso un desaf\u00edo personal y profesional. Elena trabaj\u00f3 intensamente para ofrecerles estabilidad y educaci\u00f3n, evitando que los problemas del d\u00eda a d\u00eda afectaran al hogar. Simultane\u00f3 su labor como directora, profesora de historia de la m\u00fasica y maestra particular de piano, todo mientras equilibraba la vida de hijos repartidos entre Sevilla y Madrid.<\/p>\n<p>El verdadero punto de inflexi\u00f3n de su carrera lleg\u00f3 en 1988 con la creaci\u00f3n del coro que hoy lleva su nombre. \u201cAh\u00ed encontr\u00e9 mi vida\u201d, afirma. Desde entonces dedic\u00f3 su energ\u00eda a perfeccionar el funcionamiento del coro, lo que implicaba tambi\u00e9n continuar form\u00e1ndose. Estudi\u00f3 en centros como la Escuela Superior de M\u00fasica de Madrid y la Escola Orfe\u00f3 Lleidat\u00e0, experiencias que la llevaron a viajar por Espa\u00f1a y Europa con su coro de voces blancas. Tambi\u00e9n trabaj\u00f3 con grandes directores como John Eliot Gardiner, Josep Pons o Zubin Mehta.<\/p>\n<figure id=\"attachment_1059\" aria-describedby=\"caption-attachment-1059\" style=\"width: 397px\" class=\"wp-caption alignleft\"><img loading=\"lazy\" decoding=\"async\" class=\"size-full wp-image-1059\" src=\"https:\/\/blogs.ugr.es\/musicaygenero\/wp-content\/uploads\/sites\/68\/2025\/11\/Imagen-2.jpg\" alt=\"\" width=\"397\" height=\"308\" srcset=\"https:\/\/blogs.ugr.es\/musicaygenero\/wp-content\/uploads\/sites\/68\/2025\/11\/Imagen-2.jpg 397w, https:\/\/blogs.ugr.es\/musicaygenero\/wp-content\/uploads\/sites\/68\/2025\/11\/Imagen-2-300x233.jpg 300w\" sizes=\"auto, (max-width: 397px) 100vw, 397px\" \/><figcaption id=\"caption-attachment-1059\" class=\"wp-caption-text\">Marco que sus alumnas le regalaron tallado con el inicio y final de la Habanera. Fotograf\u00eda de Marta Gil Ballestero<\/figcaption><\/figure>\n<figure id=\"attachment_1060\" aria-describedby=\"caption-attachment-1060\" style=\"width: 409px\" class=\"wp-caption alignleft\"><img loading=\"lazy\" decoding=\"async\" class=\"size-full wp-image-1060\" src=\"https:\/\/blogs.ugr.es\/musicaygenero\/wp-content\/uploads\/sites\/68\/2025\/11\/Imagen-3.jpg\" alt=\"\" width=\"409\" height=\"345\" srcset=\"https:\/\/blogs.ugr.es\/musicaygenero\/wp-content\/uploads\/sites\/68\/2025\/11\/Imagen-3.jpg 409w, https:\/\/blogs.ugr.es\/musicaygenero\/wp-content\/uploads\/sites\/68\/2025\/11\/Imagen-3-300x253.jpg 300w\" sizes=\"auto, (max-width: 409px) 100vw, 409px\" \/><figcaption id=\"caption-attachment-1060\" class=\"wp-caption-text\">Medalla que otorg\u00f3 La Real Academia de Bellas Artes a Elena Peinado en el 2017. Fotograf\u00eda de Marta Gil Ballestero<\/figcaption><\/figure>\n<p>Elena recuerda que en ocasiones fue estricta, pero siempre desde el respeto y la justicia. Defendi\u00f3 a sus coralistas incluso ante figuras de prestigio. Gardiner, por ejemplo, dud\u00f3 dos veces del nivel de los ni\u00f1os; tras escucharlos, los compar\u00f3 con el coro infantil del Liceo de Par\u00eds. Un elogio que marc\u00f3 a Elena, aunque lo que m\u00e1s la emocion\u00f3 fueron las palabras de la esposa del organista de la catedral de Colonia: \u201cNunca he visto un coro de ni\u00f1os tratado con tanta disciplina y ternura a la vez\u201d.<\/p>\n<p>Para ella, la formaci\u00f3n humana era tan importante como la musical. Foment\u00f3 el compa\u00f1erismo mediante convivencias e intercambios, de los que surgieron amistades que a\u00fan perduran. Su labor ha sido reconocida con numerosos premios: la medalla del Festival de M\u00fasica y Danza en 2003, la distinci\u00f3n de la Real Academia de Bellas Artes en 2017 y la medalla de honor de la Federaci\u00f3n de Coros de Granada en 2025.<\/p>\n<p>Pero los galardones que m\u00e1s la conmueven son los que provienen de sus alumnos. Destaca especialmente un cuadro tallado a mano por antiguas alumnas, con el inicio y el final de una habanera compuesta por ella. Ese gesto, confiesa, resume el cari\u00f1o que ha sembrado en casi cuatro d\u00e9cadas de trabajo.<\/p>\n<p>A lo largo de su trayectoria, Elena ha sido un s\u00edmbolo de firmeza y autonom\u00eda. Nunca imit\u00f3 a nadie ni permiti\u00f3 que su condici\u00f3n de mujer frenara su crecimiento. Adem\u00e1s de luchar por su propia formaci\u00f3n, impuls\u00f3 mejoras en la educaci\u00f3n musical del colegio donde trabaj\u00f3, logrando incluir m\u00fasica en primaria y obtener un aula espec\u00edfica. Aunque duda si merece tantos reconocimientos, su legado confirma que su nombre forma ya parte esencial de la historia de la m\u00fasica coral andaluza.<\/p>\n<p>Para una versi\u00f3n extendida de este art\u00edculo, haz clic <a href=\"https:\/\/drive.google.com\/file\/d\/1TDlHlenfeMPVeRFjD_jP2Xkv32l665f1\/view\"><strong>aqu\u00ed<\/strong><\/a>.<\/p>\n<p>&nbsp;<\/p>\n<p>&nbsp;<\/p>\n","protected":false},"excerpt":{"rendered":"<p>Por Marta Gil Ballestero \u201cYo no he tenido nunca como meta imitar a nadie como directora coral; he procurado formarme al m\u00e1ximo y he seguido mi propio camino\u201d. Disciplinada, constante, respetuosa y entregada: as\u00ed se define Elena Peinado, una mujer que ha dedicado su vida entera a la m\u00fasica y a la formaci\u00f3n de generaciones&hellip; <a href=\"https:\/\/blogs.ugr.es\/musicaygenero\/elena-peinado-la-mujer-detras-de-la-batuta\/\" class=\"more-link\">Leer m\u00e1s <span class=\"screen-reader-text\">acerca de ELENA PEINADO, LA MUJER DETR\u00c1S DE LA BATUTA<\/span><\/a><\/p>\n","protected":false},"author":515,"featured_media":0,"comment_status":"open","ping_status":"closed","sticky":false,"template":"","format":"standard","meta":{"_genesis_hide_title":false,"_genesis_hide_breadcrumbs":false,"_genesis_hide_singular_image":false,"_genesis_hide_footer_widgets":false,"_genesis_custom_body_class":"","_genesis_custom_post_class":"","_genesis_layout":"","footnotes":""},"categories":[11],"tags":[],"class_list":{"0":"post-1057","1":"post","2":"type-post","3":"status-publish","4":"format-standard","6":"category-curso-2025-2026","7":"entry","8":"has-post-thumbnail"},"_links":{"self":[{"href":"https:\/\/blogs.ugr.es\/musicaygenero\/wp-json\/wp\/v2\/posts\/1057","targetHints":{"allow":["GET"]}}],"collection":[{"href":"https:\/\/blogs.ugr.es\/musicaygenero\/wp-json\/wp\/v2\/posts"}],"about":[{"href":"https:\/\/blogs.ugr.es\/musicaygenero\/wp-json\/wp\/v2\/types\/post"}],"author":[{"embeddable":true,"href":"https:\/\/blogs.ugr.es\/musicaygenero\/wp-json\/wp\/v2\/users\/515"}],"replies":[{"embeddable":true,"href":"https:\/\/blogs.ugr.es\/musicaygenero\/wp-json\/wp\/v2\/comments?post=1057"}],"version-history":[{"count":2,"href":"https:\/\/blogs.ugr.es\/musicaygenero\/wp-json\/wp\/v2\/posts\/1057\/revisions"}],"predecessor-version":[{"id":1065,"href":"https:\/\/blogs.ugr.es\/musicaygenero\/wp-json\/wp\/v2\/posts\/1057\/revisions\/1065"}],"wp:attachment":[{"href":"https:\/\/blogs.ugr.es\/musicaygenero\/wp-json\/wp\/v2\/media?parent=1057"}],"wp:term":[{"taxonomy":"category","embeddable":true,"href":"https:\/\/blogs.ugr.es\/musicaygenero\/wp-json\/wp\/v2\/categories?post=1057"},{"taxonomy":"post_tag","embeddable":true,"href":"https:\/\/blogs.ugr.es\/musicaygenero\/wp-json\/wp\/v2\/tags?post=1057"}],"curies":[{"name":"wp","href":"https:\/\/api.w.org\/{rel}","templated":true}]}}