{"id":661,"date":"2021-11-19T00:07:31","date_gmt":"2021-11-18T23:07:31","guid":{"rendered":"https:\/\/blogs.ugr.es\/musicaygenero\/?p=661"},"modified":"2021-11-23T09:28:01","modified_gmt":"2021-11-23T08:28:01","slug":"if-i-was-a-man-taylor-swift","status":"publish","type":"post","link":"https:\/\/blogs.ugr.es\/musicaygenero\/if-i-was-a-man-taylor-swift\/","title":{"rendered":"IF I WAS A MAN\u2026 Taylor Swift\u00a0"},"content":{"rendered":"<h2><strong>Por Alicia Ruiz Alia\u00f1o<\/strong><\/h2>\n<p><img loading=\"lazy\" decoding=\"async\" class=\"alignleft size-medium wp-image-662\" src=\"https:\/\/blogs.ugr.es\/musicaygenero\/wp-content\/uploads\/sites\/68\/2021\/11\/TAYLOR-1-169x300.jpg\" alt=\"\" width=\"169\" height=\"300\" srcset=\"https:\/\/blogs.ugr.es\/musicaygenero\/wp-content\/uploads\/sites\/68\/2021\/11\/TAYLOR-1-169x300.jpg 169w, https:\/\/blogs.ugr.es\/musicaygenero\/wp-content\/uploads\/sites\/68\/2021\/11\/TAYLOR-1-395x700.jpg 395w, https:\/\/blogs.ugr.es\/musicaygenero\/wp-content\/uploads\/sites\/68\/2021\/11\/TAYLOR-1.jpg 451w\" sizes=\"auto, (max-width: 169px) 100vw, 169px\" \/><\/p>\n<p>&nbsp;<\/p>\n<p>&nbsp;<\/p>\n<p>&nbsp;<\/p>\n<p>&nbsp;<\/p>\n<p>&nbsp;<\/p>\n<p>&nbsp;<\/p>\n<p>&nbsp;<\/p>\n<p>&nbsp;<\/p>\n<p>\u00bfLlegar\u00eda antes si fuese un hombre? Esta es la pregunta que se hace la artista protagonista de este art\u00edculo, Taylor Swift, en su tema <em>The Man<\/em>. En \u00e9l nos cuenta c\u00f3mo podr\u00eda ser su vida si fuese un hombre. En el estribillo es donde lanza su pregunta, <em>I\u2019m so sick of running as fast as I can wondering if\u00a0 I\u2019d get there quicker<strong> if I was a man<\/strong><\/em>, abriendo el debate de porqu\u00e9 las mujeres tienen que hacer m\u00e1s cosas que los hombres para conseguir lo mismo. Al final del videoclip se nos desvela que fue ella, caracterizada a la perfecci\u00f3n, el hombre del videoclip. Esto se hace cuando el tema ha finalizado, algo muy importante ya que queda como algo informativo y fuera de la narrativa de la canci\u00f3n.<\/p>\n<p><img loading=\"lazy\" decoding=\"async\" class=\"size-medium wp-image-665 aligncenter\" src=\"https:\/\/blogs.ugr.es\/musicaygenero\/wp-content\/uploads\/sites\/68\/2021\/11\/THE-MAN.jpg\" alt=\"\" width=\"300\" height=\"168\" \/><\/p>\n<p>Para contextualizar, Taylor Swift es una artista internacional que comenz\u00f3 en el g\u00e9nero country y firm\u00f3 su primer contrato musical con tan solo 16 a\u00f1os. Numerosas pol\u00e9micas han manchado su reputaci\u00f3n, y a pesar de las innumerables facetas que posee (actriz, compositora, directora, int\u00e9rprete&#8230;) siempre son los revuelos lo que la identifican.<\/p>\n<p>Algunos de los altercados que Taylor ha tenido que vivir fue en 2009 cuando el cantante Kanye West la menospreci\u00f3 p\u00fablicamente ante millones de personas en los VMAs, interrumpi\u00e9ndola en su discurso de agradecimiento para declarar que \u201cera Beyonc\u00e9 quien merec\u00eda dicho premio\u201d. Esto caus\u00f3 un gran revuelo a nivel mundial y la mayor\u00eda de personas se posicionaron del lado de Taylor. A\u00f1os m\u00e1s tarde, Kanye lanz\u00f3 su tema \u201cFamous\u201d donde afirmaba que Taylor le deb\u00eda toda su fama y empleaba frases como <em>I feel like me and Taylor might still have sex. Why? I made <strong>that bitch <\/strong>famous. <\/em>Poco despu\u00e9s se celebraron los Grammys de 2016, Taylor Swift volvi\u00f3 a ganar y en su discurso declar\u00f3\u00a0 \u201cI want to say to all the young women out there, there are going to be people along the way who will try to undercut your success or take credit for your accomplishments or your fame\u201d<\/p>\n<p>Esto \u00faltimo nos lleva a otro de los problemas que ha tenido con otro \u201cgran hombre<em>\u201d<\/em> de la industria musical, Scooter Braun. Cuando Taylor firm\u00f3 su primer contrato musical, estaba dando sus seis primeros discos a su compa\u00f1\u00eda Big Machine Records, la cual fue comprada por Scooter. Al terminar el contrato, Swift decide cambiar de discogr\u00e1fica, pero se encuentra con un obst\u00e1culo, los derechos de sus seis discos se quedan en Big Machine. Es as\u00ed como comenz\u00f3 una larga lucha que la estadounidense ha podido ganar gracias al relanzamiento de los seis discos <em>(Taylor Swift, Fearless, Speak Now, Red, 1989, Reputation) <\/em>bajo el apellido <strong>TAYLOR&#8217;S VERSION<\/strong>, en estos adem\u00e1s de grabar de nuevo todos los temas, incluye canciones in\u00e9ditas.<\/p>\n<p>Es una realidad que las canciones de Taylor son, en su mayor\u00eda, temas de desamor y dedicadas a sus exparejas. A ella se le critica por hacer eso, sin embargo, si son ellos (Ed Sheeran, Shawn Mendes\u2026.) los que se inspiran en estas tem\u00e1ticas se les aplaude y se les ve como personas sensibles.<\/p>\n<p><em><img loading=\"lazy\" decoding=\"async\" class=\"size-medium wp-image-663 aligncenter\" src=\"https:\/\/blogs.ugr.es\/musicaygenero\/wp-content\/uploads\/sites\/68\/2021\/11\/TAYLOR-2.jpg\" alt=\"\" width=\"300\" height=\"167\" \/><\/em><\/p>\n<p><em>The man <\/em>es uno de los temas m\u00e1s pol\u00e9micos de la discograf\u00eda de Taylor y su videoclip esconde todo tipo de mensajes y referencias. Por mencionar algunos, podemos ver en las primeras escenas una clara referencia a la pel\u00edcula<em> The wolf of wall street<\/em> (pel\u00edcula protagonizada por un hombre, que trata temas como el capitalismo) o cuando en el metro se muestra el <strong><em>manspreading<\/em><\/strong>.<\/p>\n<p>VIDEOCLIP \u201cTHE MAN\u201d :<\/p>\n<p><iframe loading=\"lazy\" title=\"Taylor Swift - The Man (Official Video)\" width=\"500\" height=\"281\" src=\"https:\/\/www.youtube.com\/embed\/AqAJLh9wuZ0?feature=oembed\" frameborder=\"0\" allow=\"accelerometer; autoplay; clipboard-write; encrypted-media; gyroscope; picture-in-picture; web-share\" referrerpolicy=\"strict-origin-when-cross-origin\" allowfullscreen><\/iframe><\/p>\n<p>Como hemos podido ver la artista Taylor Swift ha tenido mucho handicap y a pesar de todo es una de las estrellas del panorama musical, apodada por muchos como la industria personalizada. La pregunta que yo lanzo es, \u00bfsi fuese Tayler Swift destacar\u00eda m\u00e1s por la m\u00fasica que por las pol\u00e9micas? Seg\u00fan ella <strong><em>If I was a man, then I&#8217;d be the man<\/em><\/strong>.<\/p>\n<p>Si deseas saber m\u00e1s, el youtuber Sebas S Mouret, en su v\u00eddeo <em>THE MAN, Taylor Swift | Mensajes ocultos, an\u00e1lisis y opini\u00f3n<\/em> hace un an\u00e1lisis de todos los mensajes que este videoclip oculta. Taylor Swift a trav\u00e9s de su documental, en la plataforma Netflix, <em>Miss Americana,<\/em> cuenta en primera persona todos los problemas que ha ido viviendo.<\/p>\n<p>VIDEO DE SEBAS:<\/p>\n<p><a href=\"https:\/\/www.youtube.com\/watch?v=CBTqc5S8ZY0\">https:\/\/www.youtube.com\/watch?v=CBTqc5S8ZY0<\/a><\/p>\n<p>DISCURSO DE LOS GRAMMY\u00b4S 2016: <a href=\"https:\/\/www.youtube.com\/watch?v=dMCAEUb0h34\">https:\/\/www.youtube.com\/watch?v=dMCAEUb0h34<\/a><\/p>\n<p>DOCUMENTAL DE NETFLIX:<\/p>\n<p>Miss Americana<\/p>\n<p>&nbsp;<\/p>\n","protected":false},"excerpt":{"rendered":"<p>Por Alicia Ruiz Alia\u00f1o &nbsp; &nbsp; &nbsp; &nbsp; &nbsp; &nbsp; &nbsp; &nbsp; \u00bfLlegar\u00eda antes si fuese un hombre? Esta es la pregunta que se hace la artista protagonista de este art\u00edculo, Taylor Swift, en su tema The Man. En \u00e9l nos cuenta c\u00f3mo podr\u00eda ser su vida si fuese un hombre. En el estribillo es&hellip; <a href=\"https:\/\/blogs.ugr.es\/musicaygenero\/if-i-was-a-man-taylor-swift\/\" class=\"more-link\">Leer m\u00e1s <span class=\"screen-reader-text\">acerca de IF I WAS A MAN\u2026 Taylor Swift\u00a0<\/span><\/a><\/p>\n","protected":false},"author":515,"featured_media":0,"comment_status":"open","ping_status":"closed","sticky":false,"template":"","format":"standard","meta":{"_genesis_hide_title":false,"_genesis_hide_breadcrumbs":false,"_genesis_hide_singular_image":false,"_genesis_hide_footer_widgets":false,"_genesis_custom_body_class":"","_genesis_custom_post_class":"","_genesis_layout":"","footnotes":""},"categories":[9],"tags":[],"class_list":{"0":"post-661","1":"post","2":"type-post","3":"status-publish","4":"format-standard","6":"category-curso-2021-2022","7":"entry","8":"has-post-thumbnail"},"_links":{"self":[{"href":"https:\/\/blogs.ugr.es\/musicaygenero\/wp-json\/wp\/v2\/posts\/661","targetHints":{"allow":["GET"]}}],"collection":[{"href":"https:\/\/blogs.ugr.es\/musicaygenero\/wp-json\/wp\/v2\/posts"}],"about":[{"href":"https:\/\/blogs.ugr.es\/musicaygenero\/wp-json\/wp\/v2\/types\/post"}],"author":[{"embeddable":true,"href":"https:\/\/blogs.ugr.es\/musicaygenero\/wp-json\/wp\/v2\/users\/515"}],"replies":[{"embeddable":true,"href":"https:\/\/blogs.ugr.es\/musicaygenero\/wp-json\/wp\/v2\/comments?post=661"}],"version-history":[{"count":2,"href":"https:\/\/blogs.ugr.es\/musicaygenero\/wp-json\/wp\/v2\/posts\/661\/revisions"}],"predecessor-version":[{"id":692,"href":"https:\/\/blogs.ugr.es\/musicaygenero\/wp-json\/wp\/v2\/posts\/661\/revisions\/692"}],"wp:attachment":[{"href":"https:\/\/blogs.ugr.es\/musicaygenero\/wp-json\/wp\/v2\/media?parent=661"}],"wp:term":[{"taxonomy":"category","embeddable":true,"href":"https:\/\/blogs.ugr.es\/musicaygenero\/wp-json\/wp\/v2\/categories?post=661"},{"taxonomy":"post_tag","embeddable":true,"href":"https:\/\/blogs.ugr.es\/musicaygenero\/wp-json\/wp\/v2\/tags?post=661"}],"curies":[{"name":"wp","href":"https:\/\/api.w.org\/{rel}","templated":true}]}}