{"id":844,"date":"2023-11-20T11:05:29","date_gmt":"2023-11-20T10:05:29","guid":{"rendered":"https:\/\/blogs.ugr.es\/musicaygenero\/?p=844"},"modified":"2023-11-20T11:05:29","modified_gmt":"2023-11-20T10:05:29","slug":"el-peso-del-alma","status":"publish","type":"post","link":"https:\/\/blogs.ugr.es\/musicaygenero\/el-peso-del-alma\/","title":{"rendered":"El peso del alma"},"content":{"rendered":"<p>Buenos d\u00edas o buenas tardes (dependiendo de cuando le\u00e1is esto).<\/p>\n<p>&nbsp;<\/p>\n<p>Hoy quiero traer a este blog la canci\u00f3n \u2018<em>El Peso del Alma<\/em>\u2019, una canci\u00f3n que Jos\u00e9 Andrea, ex vocalista de M\u00e4go de Oz, version\u00f3 e interpret\u00f3 junto a la, tambi\u00e9n, ex corista de M\u00e4go de Oz Patricia Tapia en el directo \u2018<u>Madrid Las Ventas<\/u>\u2019 en el a\u00f1o 2004 y, que si nos fijamos, en Spotify, ha sido la canci\u00f3n con m\u00e1s reproducciones del \u00e1lbum. Esta es una versi\u00f3n de la canci\u00f3n \u2018<em>Glory To The Brave<\/em>\u2019, perteneciente a su \u00e1lbum hom\u00f3nimo de 1997, de la banda Hammerfall a la que le reescribieron la letra. Tambi\u00e9n ha sido la canci\u00f3n que m\u00e1s reproducciones ha tenido del \u00e1lbum.<\/p>\n<p>Posteriormente, Jos\u00e9 public\u00f3 la versi\u00f3n de estudio en su \u00e1lbum en solitario \u2018<u>Donde el Coraz\u00f3n te Lleve<\/u>\u2019, donde tambi\u00e9n la canci\u00f3n fue grabada con Patricia Tapia, en el mismo a\u00f1o en que se public\u00f3 el primer \u00e1lbum mencionado anteriormente y, de nuevo fue la canci\u00f3n m\u00e1s con m\u00e1s reproducciones en todo el \u00e1lbum.<\/p>\n<p>&nbsp;<\/p>\n<figure id=\"attachment_845\" aria-describedby=\"caption-attachment-845\" style=\"width: 196px\" class=\"wp-caption alignleft\"><a href=\"https:\/\/www.youtube.com\/watch?v=OB2muvsBzvE\"><img loading=\"lazy\" decoding=\"async\" class=\"wp-image-845 size-full\" src=\"https:\/\/blogs.ugr.es\/musicaygenero\/wp-content\/uploads\/sites\/68\/2023\/11\/Imagen-1-12.jpg\" alt=\"\" width=\"196\" height=\"194\" \/><\/a><figcaption id=\"caption-attachment-845\" class=\"wp-caption-text\">Madrid Las Ventas<\/figcaption><\/figure>\n<figure id=\"attachment_846\" aria-describedby=\"caption-attachment-846\" style=\"width: 191px\" class=\"wp-caption alignleft\"><a href=\"https:\/\/www.youtube.com\/watch?v=R4ZIc3CYtxg\"><img loading=\"lazy\" decoding=\"async\" class=\"wp-image-846\" src=\"https:\/\/blogs.ugr.es\/musicaygenero\/wp-content\/uploads\/sites\/68\/2023\/11\/Imagen-11-294x300.jpg\" alt=\"\" width=\"191\" height=\"195\" srcset=\"https:\/\/blogs.ugr.es\/musicaygenero\/wp-content\/uploads\/sites\/68\/2023\/11\/Imagen-11-294x300.jpg 294w, https:\/\/blogs.ugr.es\/musicaygenero\/wp-content\/uploads\/sites\/68\/2023\/11\/Imagen-11.jpg 375w\" sizes=\"auto, (max-width: 191px) 100vw, 191px\" \/><\/a><figcaption id=\"caption-attachment-846\" class=\"wp-caption-text\">Donde el Coraz\u00f3n te Lleve<\/figcaption><\/figure>\n<figure id=\"attachment_847\" aria-describedby=\"caption-attachment-847\" style=\"width: 193px\" class=\"wp-caption alignleft\"><a href=\"https:\/\/www.youtube.com\/watch?v=YLQtS84ccyk\"><img loading=\"lazy\" decoding=\"async\" class=\"wp-image-847\" src=\"https:\/\/blogs.ugr.es\/musicaygenero\/wp-content\/uploads\/sites\/68\/2023\/11\/Imagen-111.jpg\" alt=\"\" width=\"193\" height=\"191\" \/><\/a><figcaption id=\"caption-attachment-847\" class=\"wp-caption-text\">Glory To The Brave<\/figcaption><\/figure>\n<p>&nbsp;<\/p>\n<p>&nbsp;<\/p>\n<p>&nbsp;<\/p>\n<p>&nbsp;<\/p>\n<p>&nbsp;<\/p>\n<p>&nbsp;<\/p>\n<p>Al escuchar la canci\u00f3n en ambos \u00e1lbumes podemos identificar que los instrumentos que est\u00e1n sonando son un piano; un viol\u00edn, aunque en el \u00e1lbum de Las Ventas se incluy\u00f3 un cuarteto de cuerda; una flauta travesera; la voz de Patricia, que es mezzosoprano; y la voz de Jos\u00e9, que es tenor l\u00edrico.<\/p>\n<p>La tonalidad de la canci\u00f3n es Re menor. La introducci\u00f3n est\u00e1 formada por los acordes Re menor, La menor, Sib mayor, Fa mayor, Do mayor, Re menor, La menor, Sib mayor, Do mayor, esto se repite una vez m\u00e1s y al final termina en Re menor. En las estrofas 1 y 4, los acordes de la melod\u00eda son Sol menor, Mib mayor, Fa mayor y Re mayor; en las estrofas 2, 5 y 7, los acordes son Sib mayor, Re menor, Do mayor, Sib mayor, Sol menor, La mayor y La 7\u00aa; en las estrofas 3, 6, 8 y 9, la secuencia de acordes es similar a la de la 1\u00aa vuelta de la introducci\u00f3n, aunque en la \u00faltima estrofa la melod\u00eda sube 1 tono y, en los tres \u00faltimos versos los acordes son Do mayor y Re mayor. Tras las tres primeras estrofas hay un 1er puente que se forma con la secuencia de acordes de la estrofa 3; despu\u00e9s de que Jos\u00e9 canta su 3\u00aa estrofa (la estrofa 6 de la canci\u00f3n), hay un 2\u00ba puente que se forma con los acordes Sol menor, Re menor, La menor, Sib mayor, Sol menor, La menor, Sib mayor, Do mayor y Re mayor; y el final de la canci\u00f3n, se hace con los mismos acordes de la introducci\u00f3n, pero subi\u00e9ndoles 1 tono. Adem\u00e1s, en el directo hace una peque\u00f1a improvisaci\u00f3n en la tonalidad de la canci\u00f3n, antes de comenzar con la melod\u00eda de la introducci\u00f3n.<\/p>\n<p>Lamentablemente, la partitura de la canci\u00f3n como tal no la he encontrado por ning\u00fan sitio, aunque los acordes de \u00e9sta se pueden encontrar en p\u00e1ginas web como lacuerda.net o chordify.net. Tambi\u00e9n he de a\u00f1adir que algunos de los acordes han tenido que ser corregidos, porque no estaban bien situados o no eran los adecuados.<\/p>\n<p>Ahora, si escuchamos la canci\u00f3n con la letra delante y, nos fijamos en el sentimiento que ponen ambos cantantes cuando la interpretan. Podremos llegar a ver que Patricia canta con sentimiento de pena, dolor y desilusi\u00f3n por la mala relaci\u00f3n que su personaje tuvo con el que fue su marido o su novio. Aunque en el primer verso que canta, dice que todo era bonito hasta que vio lo que \u00e9l era realmente. (Est\u00e1 subrayado en magenta).<\/p>\n<p>En las estrofas que canta Jos\u00e9 vemos que interpreta el papel de un ser esperanzador, que le dice que tome su mano y que no mir\u00e9 atr\u00e1s, ya que en la otra vida le espera alguien que para ella fue importante y que ya se fue y, que la ausencia que ahora ella deja ser\u00e1 condena del hombre que la maltrataba. (Est\u00e1 subrayado en color naranja).<\/p>\n<p>Por \u00faltimo, la estrofa del final es cantada por ambos vocalistas y, aqu\u00ed el personaje interpretado por Patricia ha aceptado el nuevo destino que el personaje de Jos\u00e9 le daba. (Est\u00e1 subrayado en verde).<\/p>\n<p>&nbsp;<\/p>\n<p><strong><u>ANEXO<\/u><\/strong><\/p>\n<p>Este enlace lleva la carpeta de Google Drive, que contiene un PDF con la letra y acordes de la canci\u00f3n y, un documento con el enlace a los tres videos, en caso de que los enlaces de las im\u00e1genes no funcionasen:<\/p>\n<p><a href=\"https:\/\/drive.google.com\/drive\/folders\/1KIPbl4N1be1n4paaYO7Ou1fKpeFYty9J?usp=sharing\">https:\/\/drive.google.com\/drive\/folders\/1KIPbl4N1be1n4paaYO7Ou1fKpeFYty9J?usp=sharing<\/a><\/p>\n<p>&nbsp;<\/p>\n<p><strong><u>BIBLIOGRAF\u00cdA<\/u><\/strong><\/p>\n<p>Acordes para cualquier canci\u00f3n &#8211; Chordify. (s\/f). Recuperado el 4 de noviembre de 2023, de <a href=\"https:\/\/chordify.net\/es\/\">https:\/\/chordify.net\/es\/<\/a><\/p>\n<p>&nbsp;<\/p>\n<p>Andr\u00eba-Topic, J. [UChhbeCxpAAWvmWv8Zrxh1kw]. (2015, enero 2). El Peso Del Alma. Youtube. <a href=\"https:\/\/www.youtube.com\/watch?v=R4ZIc3CYtxg\">https:\/\/www.youtube.com\/watch?v=R4ZIc3CYtxg<\/a><\/p>\n<p>&nbsp;<\/p>\n<p>EL PESO DEL ALMA: Acordes y Letra para Guitarra, Ukulele, Bajo y Piano. (2023, octubre 16). Lacuerda.net. <a href=\"https:\/\/acordes.lacuerda.net\/mago_de_oz\/el_peso_del_alma\">https:\/\/acordes.lacuerda.net\/mago_de_oz\/el_peso_del_alma<\/a><\/p>\n<p>&nbsp;<\/p>\n<p>Jos\u00e9 Andr\u00eba &#8211; El Peso Del Alma Chords &#8211; Chordify. (s\/f). Recuperado el 4 de noviembre de 2023, de <a href=\"https:\/\/chordify.net\/chords\/jose-andrea-songs\/el-peso-del-alma-chords?version=youtube:R4ZIc3CYtxg\">https:\/\/chordify.net\/chords\/jose-andrea-songs\/el-peso-del-alma-chords?version=youtube:R4ZIc3CYtxg<\/a><\/p>\n<p>&nbsp;<\/p>\n<p>Letras y Acordes de Guitarra, Piano y Ukulele. (2020, junio 9). Lacuerda.net. <a href=\"https:\/\/lacuerda.net\/\">https:\/\/lacuerda.net\/<\/a><\/p>\n<p>&nbsp;<\/p>\n<p>Nuclear Blast Records [@NuclearBlastRecords]. (2011, enero 25). HAMMERFALL &#8211; Glory To The Brave (OFFICIAL MUSIC VIDEO). Youtube. <a href=\"https:\/\/www.youtube.com\/watch?v=YLQtS84ccyk\">https:\/\/www.youtube.com\/watch?v=YLQtS84ccyk<\/a><\/p>\n<p>&nbsp;<\/p>\n<p>The best of Oz [@ThebestofOz]. (2020, enero 28). M\u00e4go de Oz &#8211; El Peso del Alma (HD). Youtube. <a href=\"https:\/\/www.youtube.com\/watch?v=OB2muvsBzvE\">https:\/\/www.youtube.com\/watch?v=OB2muvsBzvE<\/a><\/p>\n<p>&nbsp;<\/p>\n<p>YouTube. (s\/f). Youtube. Recuperado el 4 de noviembre de 2023, de <a href=\"https:\/\/www.youtube.com\/\">https:\/\/www.youtube.com\/<\/a><\/p>\n","protected":false},"excerpt":{"rendered":"<p>Buenos d\u00edas o buenas tardes (dependiendo de cuando le\u00e1is esto). &nbsp; Hoy quiero traer a este blog la canci\u00f3n \u2018El Peso del Alma\u2019, una canci\u00f3n que Jos\u00e9 Andrea, ex vocalista de M\u00e4go de Oz, version\u00f3 e interpret\u00f3 junto a la, tambi\u00e9n, ex corista de M\u00e4go de Oz Patricia Tapia en el directo \u2018Madrid Las Ventas\u2019&hellip; <a href=\"https:\/\/blogs.ugr.es\/musicaygenero\/el-peso-del-alma\/\" class=\"more-link\">Leer m\u00e1s <span class=\"screen-reader-text\">acerca de El peso del alma<\/span><\/a><\/p>\n","protected":false},"author":515,"featured_media":0,"comment_status":"open","ping_status":"closed","sticky":false,"template":"","format":"standard","meta":{"_genesis_hide_title":false,"_genesis_hide_breadcrumbs":false,"_genesis_hide_singular_image":false,"_genesis_hide_footer_widgets":false,"_genesis_custom_body_class":"","_genesis_custom_post_class":"","_genesis_layout":"","footnotes":""},"categories":[10],"tags":[],"class_list":{"0":"post-844","1":"post","2":"type-post","3":"status-publish","4":"format-standard","6":"category-curso-2023-2024","7":"entry","8":"has-post-thumbnail"},"_links":{"self":[{"href":"https:\/\/blogs.ugr.es\/musicaygenero\/wp-json\/wp\/v2\/posts\/844","targetHints":{"allow":["GET"]}}],"collection":[{"href":"https:\/\/blogs.ugr.es\/musicaygenero\/wp-json\/wp\/v2\/posts"}],"about":[{"href":"https:\/\/blogs.ugr.es\/musicaygenero\/wp-json\/wp\/v2\/types\/post"}],"author":[{"embeddable":true,"href":"https:\/\/blogs.ugr.es\/musicaygenero\/wp-json\/wp\/v2\/users\/515"}],"replies":[{"embeddable":true,"href":"https:\/\/blogs.ugr.es\/musicaygenero\/wp-json\/wp\/v2\/comments?post=844"}],"version-history":[{"count":1,"href":"https:\/\/blogs.ugr.es\/musicaygenero\/wp-json\/wp\/v2\/posts\/844\/revisions"}],"predecessor-version":[{"id":848,"href":"https:\/\/blogs.ugr.es\/musicaygenero\/wp-json\/wp\/v2\/posts\/844\/revisions\/848"}],"wp:attachment":[{"href":"https:\/\/blogs.ugr.es\/musicaygenero\/wp-json\/wp\/v2\/media?parent=844"}],"wp:term":[{"taxonomy":"category","embeddable":true,"href":"https:\/\/blogs.ugr.es\/musicaygenero\/wp-json\/wp\/v2\/categories?post=844"},{"taxonomy":"post_tag","embeddable":true,"href":"https:\/\/blogs.ugr.es\/musicaygenero\/wp-json\/wp\/v2\/tags?post=844"}],"curies":[{"name":"wp","href":"https:\/\/api.w.org\/{rel}","templated":true}]}}