{"id":975,"date":"2025-11-19T11:45:34","date_gmt":"2025-11-19T10:45:34","guid":{"rendered":"https:\/\/blogs.ugr.es\/musicaygenero\/?p=975"},"modified":"2025-11-19T11:45:55","modified_gmt":"2025-11-19T10:45:55","slug":"el-escenario-sigue-siendo-suyo-por-que-los-festivales-espanoles-aun-marginan-a-las-mujeres","status":"publish","type":"post","link":"https:\/\/blogs.ugr.es\/musicaygenero\/el-escenario-sigue-siendo-suyo-por-que-los-festivales-espanoles-aun-marginan-a-las-mujeres\/","title":{"rendered":"El escenario sigue siendo suyo: por qu\u00e9 los festivales espa\u00f1oles a\u00fan marginan a las mujeres"},"content":{"rendered":"<h2>Por Patricia Mart\u00edn P\u00e9rez<\/h2>\n<figure id=\"attachment_976\" aria-describedby=\"caption-attachment-976\" style=\"width: 300px\" class=\"wp-caption alignleft\"><img loading=\"lazy\" decoding=\"async\" class=\"size-medium wp-image-976\" src=\"https:\/\/blogs.ugr.es\/musicaygenero\/wp-content\/uploads\/sites\/68\/2025\/11\/Imagen-1-3-300x169.jpg\" alt=\"\" width=\"300\" height=\"169\" srcset=\"https:\/\/blogs.ugr.es\/musicaygenero\/wp-content\/uploads\/sites\/68\/2025\/11\/Imagen-1-3-300x169.jpg 300w, https:\/\/blogs.ugr.es\/musicaygenero\/wp-content\/uploads\/sites\/68\/2025\/11\/Imagen-1-3.jpg 425w\" sizes=\"auto, (max-width: 300px) 100vw, 300px\" \/><figcaption id=\"caption-attachment-976\" class=\"wp-caption-text\">Eva Amaral en el Sonoraba Ribera 2023<\/figcaption><\/figure>\n<p>La falta de presencia femenina en los carteles de los festivales espa\u00f1oles sigue siendo un s\u00edntoma evidente de una desigualdad estructural en la industria musical actual. Aunque en los \u00faltimos a\u00f1os se ha avanzado en pol\u00edticas de igualdad, los grandes eventos musicales, impulsados por promotoras que cumplen casi el papel de empresas multinacionales, contin\u00faan reproduciendo patrones de invisibilizaci\u00f3n que afectan de forma directa tanto a artistas como a consumidores. Los datos m\u00e1s recientes as\u00ed lo confirman: seg\u00fan un informe del Instituto de las Mujeres realizado en marzo de 2025, solo el 18% de los m\u00fasicos totales que participan en festivales en Espa\u00f1a son mujeres. No es el \u00fanico informe que llega a conclusiones parecidas, de hecho, muchos otros aportan datos muy similares y afirman que dos de cada tres artistas son hombres.<\/p>\n<p>No hay que ir muy lejos para encontrar ejemplos concretos. En la edici\u00f3n de 2025 del <em>Vi\u00f1a Rock<\/em>, uno de los festivales m\u00e1s <em>mainstream<\/em> del pa\u00eds, la presencia femenina entre todos los artistas del cartel sumaba tan solo un 8%. En ciertos g\u00e9neros, como el <em>rock<\/em> o el <em>heavy<\/em> el desequilibrio es a\u00fan mayor si cabe, siendo el porcentaje de mujeres de un 2,8%. Si se analizan las listas de artistas en Espa\u00f1a a nivel general se puede observar esta brecha, la cual, inevitablemente se traslada a los festivales, especialmente cuando se habla de los \u201ccabeza de cartel\u201d.<\/p>\n<p>Los sesgos de g\u00e9nero siguen condicionando la visibilidad femenina, ya que las mujeres cuentan con menos presencia, y, por tanto, con menos voz en circuitos dominados por tiburones empresariales y redes de contactos mayoritariamente masculinas. A todo esto, se puede sumar la desigualdad existente detr\u00e1s de los focos, en los equipos t\u00e9cnicos tanto de producci\u00f3n como de organizaci\u00f3n de los propios festivales, lo que influye de manera directa en los criterios de programaci\u00f3n y contrataci\u00f3n. Los mismos espacios en los que se decide qui\u00e9n ocupa los escenarios siguen estando marcados por una falta evidente de diversidad de g\u00e9nero.<\/p>\n<p>Esta falta de diversidad no ha pasado desapercibida dentro del sector. En el presente a\u00f1o 2025, casi cien firmas, entre artistas y entidades, firmaron un manifiesto dirigido al festival <em>Vi\u00f1a Rock<\/em> para exigir un incremento inmediato de la presencia femenina, proponiendo al menos un 40%. Esta petici\u00f3n refleja un malestar creciente y una demanda social clara. Al mismo tiempo, han surgido diferentes iniciativas que buscan paliar esta problem\u00e1tica desde la base, como el <em>Wimen Festival<\/em>, en Barcelona, cuyo cartel est\u00e1 formado \u00edntegramente por mujeres y que organiza, adem\u00e1s, actividades de reflexi\u00f3n y formaci\u00f3n de manera paralela a los conciertos.<\/p>\n<p>Desde una perspectiva m\u00e1s academicista, la escasez de mujeres en los festivales podr\u00eda entenderse como una estrategia de invisibilizaci\u00f3n a nivel estructural. No se trata de que falte talento femenino, sino de que faltan espacios en los que este talento pueda desarrollarse y recibir la misma atenci\u00f3n y oportunidades que el masculino. Cuando quienes programan, promocionan y toman decisiones comparten perfiles similares, las redes de apoyo y las oportunidades tienden a perpetuar los mismos nombres y g\u00e9neros.<\/p>\n<p>Para revertir esto se necesitan medidas combinadas: un compromiso real por parte de las instituciones y los festivales, pol\u00edticas que garanticen la diversidad, una mayor visibilidad para proyectos liderados por mujeres, mecanismos de seguimiento para los festivales, y lo m\u00e1s importante, una transformaci\u00f3n profunda de la industria. La igualdad en los festivales no es solo una cuesti\u00f3n de justicia, sino una oportunidad para enriquecer la escena musical espa\u00f1ola y hacerla m\u00e1s diversa y representativa de la sociedad que la sostiene. Si todo esto se tiene en cuenta, probablemente se consiga abrir los escenarios para todas.<\/p>\n<p>&nbsp;<\/p>\n<p><strong><u>REFERENCIAS<\/u><\/strong><\/p>\n<ul>\n<li><strong>Instituto de las Mujeres.<\/strong> (2025). <em>M\u00fasica: mujeres en cifras. Informe marzo 2025<\/em>. <a href=\"https:\/\/www.inmujeres.gob.es\/MujerCifras\/Infografia\/Docs\/2025\/202503_Musica.pdf\">pdf<\/a><\/li>\n<li><strong>es.<\/strong> (2025, 13 marzo). <em>Los festivales de m\u00fasica siguen sin incluir mujeres: dos de cada tres artistas son hombres<\/em>. <a href=\"https:\/\/www.eldiario.es\/cultura\/musica\/festivales-musica-siguen-incluir-mujeres-tres-artistas-son-hombres_1_12473031.html\">Los festivales de m\u00fasica siguen sin incluir mujeres: dos de cada tres artistas son hombres<\/a><\/li>\n<li><strong>P\u00fablico.<\/strong> (s. f.). <em>Solo un 20% de los m\u00fasicos que act\u00faan en festivales espa\u00f1oles son mujeres<\/em>. <a href=\"https:\/\/www.publico.es\/culturas\/20-musicos-actuan-festivales-espanoles-son-mujeres.html\">Festivales: Solo un 20% de los m\u00fasicos que act\u00faan en los festivales espa\u00f1oles son mujeres | P\u00fablico<\/a><\/li>\n<li>(2024). <em>Gender Inequality in Music Charts and Live Festivals in Spain<\/em>. <a href=\"https:\/\/www.mdpi.com\/2673-5172\/6\/1\/10\">Gender Inequality in Spain\u2019s Official Music Charts: Neither Representation nor Success for Female Artists (2008\u20132020)<\/a><\/li>\n<li>(2025, 30 abril). <em>Casi cien artistas y entidades piden al Vi\u00f1a Rock m\u00e1s presencia femenina manchega<\/em>. <a href=\"https:\/\/www.clm24.es\/articulo\/albacete\/casi-cien-artistas-entidades-piden-vina-rock-mas-presencia-femenina-manchega\/20250430210828449850.html\">Casi cien artistas y entidades piden al Vi\u00f1a Rock m\u00e1s presencia femenina y manchega<\/a><\/li>\n<li><strong>Europa Press.<\/strong> (2025, 30 abril). <em>Nace Wimen Festival, un festival de m\u00fasica con un cartel liderado por mujeres<\/em>. <a href=\"https:\/\/www.europapress.es\/catalunya\/noticia-nace-wimen-festival-festival-musica-cartel-liderado-mujeres-20250430131937.html\">Nace Wimen Festival, un festival de m\u00fasica con un cartel liderado por mujeres<\/a><\/li>\n<\/ul>\n<p>&nbsp;<\/p>\n","protected":false},"excerpt":{"rendered":"<p>Por Patricia Mart\u00edn P\u00e9rez La falta de presencia femenina en los carteles de los festivales espa\u00f1oles sigue siendo un s\u00edntoma evidente de una desigualdad estructural en la industria musical actual. Aunque en los \u00faltimos a\u00f1os se ha avanzado en pol\u00edticas de igualdad, los grandes eventos musicales, impulsados por promotoras que cumplen casi el papel de&hellip; <a href=\"https:\/\/blogs.ugr.es\/musicaygenero\/el-escenario-sigue-siendo-suyo-por-que-los-festivales-espanoles-aun-marginan-a-las-mujeres\/\" class=\"more-link\">Leer m\u00e1s <span class=\"screen-reader-text\">acerca de El escenario sigue siendo suyo: por qu\u00e9 los festivales espa\u00f1oles a\u00fan marginan a las mujeres<\/span><\/a><\/p>\n","protected":false},"author":515,"featured_media":0,"comment_status":"open","ping_status":"closed","sticky":false,"template":"","format":"standard","meta":{"_genesis_hide_title":false,"_genesis_hide_breadcrumbs":false,"_genesis_hide_singular_image":false,"_genesis_hide_footer_widgets":false,"_genesis_custom_body_class":"","_genesis_custom_post_class":"","_genesis_layout":"","footnotes":""},"categories":[11],"tags":[],"class_list":{"0":"post-975","1":"post","2":"type-post","3":"status-publish","4":"format-standard","6":"category-curso-2025-2026","7":"entry","8":"has-post-thumbnail"},"_links":{"self":[{"href":"https:\/\/blogs.ugr.es\/musicaygenero\/wp-json\/wp\/v2\/posts\/975","targetHints":{"allow":["GET"]}}],"collection":[{"href":"https:\/\/blogs.ugr.es\/musicaygenero\/wp-json\/wp\/v2\/posts"}],"about":[{"href":"https:\/\/blogs.ugr.es\/musicaygenero\/wp-json\/wp\/v2\/types\/post"}],"author":[{"embeddable":true,"href":"https:\/\/blogs.ugr.es\/musicaygenero\/wp-json\/wp\/v2\/users\/515"}],"replies":[{"embeddable":true,"href":"https:\/\/blogs.ugr.es\/musicaygenero\/wp-json\/wp\/v2\/comments?post=975"}],"version-history":[{"count":1,"href":"https:\/\/blogs.ugr.es\/musicaygenero\/wp-json\/wp\/v2\/posts\/975\/revisions"}],"predecessor-version":[{"id":977,"href":"https:\/\/blogs.ugr.es\/musicaygenero\/wp-json\/wp\/v2\/posts\/975\/revisions\/977"}],"wp:attachment":[{"href":"https:\/\/blogs.ugr.es\/musicaygenero\/wp-json\/wp\/v2\/media?parent=975"}],"wp:term":[{"taxonomy":"category","embeddable":true,"href":"https:\/\/blogs.ugr.es\/musicaygenero\/wp-json\/wp\/v2\/categories?post=975"},{"taxonomy":"post_tag","embeddable":true,"href":"https:\/\/blogs.ugr.es\/musicaygenero\/wp-json\/wp\/v2\/tags?post=975"}],"curies":[{"name":"wp","href":"https:\/\/api.w.org\/{rel}","templated":true}]}}