{"id":315,"date":"2022-05-30T12:17:41","date_gmt":"2022-05-30T10:17:41","guid":{"rendered":"https:\/\/blogs.ugr.es\/protecciondedatos\/?p=315"},"modified":"2022-05-30T12:18:23","modified_gmt":"2022-05-30T10:18:23","slug":"ojo-al-dato-campana-de-concienciacion-sobre-proteccion-de-datos-personales","status":"publish","type":"post","link":"https:\/\/blogs.ugr.es\/protecciondedatos\/ojo-al-dato-campana-de-concienciacion-sobre-proteccion-de-datos-personales\/","title":{"rendered":"\u00abOjo al Dato\u00bb. Campa\u00f1a de concienciaci\u00f3n sobre Protecci\u00f3n de Datos Personales."},"content":{"rendered":"<p><a href=\"https:\/\/blogs.ugr.es\/protecciondedatos\/wp-content\/uploads\/sites\/82\/2022\/05\/OjoAlDato.png\"><img loading=\"lazy\" decoding=\"async\" class=\"wp-image-321 alignleft\" src=\"https:\/\/blogs.ugr.es\/protecciondedatos\/wp-content\/uploads\/sites\/82\/2022\/05\/OjoAlDato.png\" alt=\"\" width=\"275\" height=\"89\" srcset=\"https:\/\/blogs.ugr.es\/protecciondedatos\/wp-content\/uploads\/sites\/82\/2022\/05\/OjoAlDato.png 800w, https:\/\/blogs.ugr.es\/protecciondedatos\/wp-content\/uploads\/sites\/82\/2022\/05\/OjoAlDato-300x97.png 300w, https:\/\/blogs.ugr.es\/protecciondedatos\/wp-content\/uploads\/sites\/82\/2022\/05\/OjoAlDato-700x227.png 700w\" sizes=\"auto, (max-width: 275px) 100vw, 275px\" \/><\/a>En esta primera infograf\u00eda de esta campa\u00f1a informativa &lt;&lt;<strong>Ojo al Dato<\/strong>&gt;&gt;\u00a0 con el objeto de concienciar a la comunidad universitaria sobre Protecci\u00f3n de Datos Personales y que comenzamos ahora os dejamos un dec\u00e1logo de buenas pr\u00e1cticas en privacidad digital dentro de la Universidad de Granada, dentro del <a href=\"https:\/\/www.aepd.es\/es\/pactodigital\" target=\"_blank\" rel=\"noopener\">Pacto Digital para la protecci\u00f3n de las personas<\/a> de la AEPD al cual se adheri\u00f3 la UGR.<\/p>\n<p><a href=\"https:\/\/blogs.ugr.es\/protecciondedatos\/wp-content\/uploads\/sites\/82\/2022\/05\/01-Ojo-al-dato-decalogo.pdf\">Pincha aqu\u00ed para ver la infograf\u00eda del dec\u00e1logo de buenas pr\u00e1cticas.<\/a><\/p>\n<p><a href=\"https:\/\/www.aepd.es\/es\/pactodigital\"><img loading=\"lazy\" decoding=\"async\" class=\"alignright wp-image-224\" src=\"https:\/\/blogs.ugr.es\/protecciondedatos\/wp-content\/uploads\/sites\/82\/2022\/04\/pacto_entidad_adscrita_color-300x150-1.png\" alt=\"\" width=\"168\" height=\"84\" \/><\/a><\/p>\n","protected":false},"excerpt":{"rendered":"<p>En esta primera infograf\u00eda de esta campa\u00f1a informativa &lt;&lt;Ojo al Dato&gt;&gt;\u00a0 con el objeto de concienciar a la comunidad universitaria sobre Protecci\u00f3n de Datos Personales y que comenzamos ahora os dejamos un dec\u00e1logo de buenas pr\u00e1cticas en privacidad digital dentro de la Universidad de Granada, dentro del Pacto Digital para la protecci\u00f3n de las personas [&hellip;]<\/p>\n","protected":false},"author":27,"featured_media":321,"comment_status":"open","ping_status":"closed","sticky":false,"template":"","format":"standard","meta":{"_genesis_hide_title":false,"_genesis_hide_breadcrumbs":false,"_genesis_hide_singular_image":false,"_genesis_hide_footer_widgets":false,"_genesis_custom_body_class":"","_genesis_custom_post_class":"","_genesis_layout":"","footnotes":""},"categories":[11,15,16],"tags":[9,17],"class_list":{"0":"post-315","1":"post","2":"type-post","3":"status-publish","4":"format-standard","5":"has-post-thumbnail","7":"category-buenas-practicas","8":"category-formacion","9":"category-noticias","10":"tag-formacion","11":"tag-noticias","12":"entry"},"_links":{"self":[{"href":"https:\/\/blogs.ugr.es\/protecciondedatos\/wp-json\/wp\/v2\/posts\/315","targetHints":{"allow":["GET"]}}],"collection":[{"href":"https:\/\/blogs.ugr.es\/protecciondedatos\/wp-json\/wp\/v2\/posts"}],"about":[{"href":"https:\/\/blogs.ugr.es\/protecciondedatos\/wp-json\/wp\/v2\/types\/post"}],"author":[{"embeddable":true,"href":"https:\/\/blogs.ugr.es\/protecciondedatos\/wp-json\/wp\/v2\/users\/27"}],"replies":[{"embeddable":true,"href":"https:\/\/blogs.ugr.es\/protecciondedatos\/wp-json\/wp\/v2\/comments?post=315"}],"version-history":[{"count":3,"href":"https:\/\/blogs.ugr.es\/protecciondedatos\/wp-json\/wp\/v2\/posts\/315\/revisions"}],"predecessor-version":[{"id":323,"href":"https:\/\/blogs.ugr.es\/protecciondedatos\/wp-json\/wp\/v2\/posts\/315\/revisions\/323"}],"wp:featuredmedia":[{"embeddable":true,"href":"https:\/\/blogs.ugr.es\/protecciondedatos\/wp-json\/wp\/v2\/media\/321"}],"wp:attachment":[{"href":"https:\/\/blogs.ugr.es\/protecciondedatos\/wp-json\/wp\/v2\/media?parent=315"}],"wp:term":[{"taxonomy":"category","embeddable":true,"href":"https:\/\/blogs.ugr.es\/protecciondedatos\/wp-json\/wp\/v2\/categories?post=315"},{"taxonomy":"post_tag","embeddable":true,"href":"https:\/\/blogs.ugr.es\/protecciondedatos\/wp-json\/wp\/v2\/tags?post=315"}],"curies":[{"name":"wp","href":"https:\/\/api.w.org\/{rel}","templated":true}]}}