{"id":1531,"date":"2023-03-05T19:52:42","date_gmt":"2023-03-05T18:52:42","guid":{"rendered":"https:\/\/blogs.ugr.es\/rafaelmarfilcarmona\/?p=1531"},"modified":"2023-03-05T19:52:42","modified_gmt":"2023-03-05T18:52:42","slug":"antonio-gramsci-historia-y-pensamiento-con-la-perspectiva-del-tiempo","status":"publish","type":"post","link":"https:\/\/blogs.ugr.es\/rafaelmarfilcarmona\/2023\/03\/05\/antonio-gramsci-historia-y-pensamiento-con-la-perspectiva-del-tiempo\/","title":{"rendered":"Antonio Gramsci: historia y pensamiento con la perspectiva del tiempo"},"content":{"rendered":"<p><strong>Asistir a una conferencia<\/strong> es el modo de conocer, de aprender, que es lo que yo hago, fundamentalmente, en la Universidad. A veces, incluso, tambi\u00e9n ense\u00f1o alguna cosa, que no es sino compartir lo que voy asimilando y comprendiendo a lo largo de los a\u00f1os. Quiz\u00e1 es lo que intento tambi\u00e9n en este blog. En ese proceso de aprendizaje, se puede ir m\u00e1s all\u00e1 de la lectura en solitario, aunque las diferentes v\u00edas de enriquecimiento intelectual y personal deben ser compatibles. En este caso, lo he hecho acompa\u00f1ado de muchos estudiantes y personas interesadas en el asunto de la charla, en una sala llena, que lleva el nombre de Federico Garc\u00eda Lorca, en la <strong>Facultad de Filosof\u00eda y Letras de la Universidad de Granada<\/strong>, un lugar que me sigue pareciendo un santuario de la idea y de la palabra.<\/p>\n<figure id=\"attachment_1550\" aria-describedby=\"caption-attachment-1550\" style=\"width: 800px\" class=\"wp-caption aligncenter\"><img loading=\"lazy\" decoding=\"async\" class=\"size-full wp-image-1550\" src=\"https:\/\/blogs.ugr.es\/rafaelmarfilcarmona\/wp-content\/uploads\/sites\/12\/2023\/03\/Conferencia-Gramsci-20230302-9.jpg\" alt=\"\" width=\"800\" height=\"450\" srcset=\"https:\/\/blogs.ugr.es\/rafaelmarfilcarmona\/wp-content\/uploads\/sites\/12\/2023\/03\/Conferencia-Gramsci-20230302-9.jpg 800w, https:\/\/blogs.ugr.es\/rafaelmarfilcarmona\/wp-content\/uploads\/sites\/12\/2023\/03\/Conferencia-Gramsci-20230302-9-300x169.jpg 300w, https:\/\/blogs.ugr.es\/rafaelmarfilcarmona\/wp-content\/uploads\/sites\/12\/2023\/03\/Conferencia-Gramsci-20230302-9-768x432.jpg 768w\" sizes=\"auto, (max-width: 800px) 100vw, 800px\" \/><figcaption id=\"caption-attachment-1550\" class=\"wp-caption-text\">Cartel de la conferencia de Giaime Pala sobre la figura de Antonio Gramsci. Ciclo permanente de Teor\u00eda y Cr\u00edtica de la Sociedad. Facultad de Filosof\u00eda y Letras de Granada. 2 de marzo de 2023. Foto: R. Marfil.<\/figcaption><\/figure>\n<p>Es una facultad hist\u00f3rica, en la que duelen mucho algunas ausencias a estas alturas del combate vital e intelectual. Un oasis, como tambi\u00e9n lo es La Madraza, el Centro de Cultura Contempor\u00e1nea de UGR, cuyas conferencias tambi\u00e9n suelen llenarse, lo que es un indicador del inter\u00e9s por las cuestiones realmente relevantes. Como muestran las im\u00e1genes de esta conferencia, sorprende gratamente el inter\u00e9s por la figura de <strong>Antonio Gramsci, fundador y secretario del Partido Comunista italiano, te\u00f3rico marxista<\/strong> de referencia, que fue encarcelado por Mussolini en la d\u00e9cada de los a\u00f1os 20. Al calor de la reciente revoluci\u00f3n sovi\u00e9tica, vivi\u00f3 una \u00e9poca que mezclaba inocencia y crueldad, la mayor luz y oscuridad desde la que se explicar\u00edan aspectos clave en torno a c\u00f3mo ha llegado hasta nuestros d\u00edas la vieja Europa.<\/p>\n<h3>En la Facultad de Filosof\u00eda y Letras duelen mucho algunas ausencias, a estas alturas del combate vital e intelectual<\/h3>\n<figure id=\"attachment_1549\" aria-describedby=\"caption-attachment-1549\" style=\"width: 800px\" class=\"wp-caption aligncenter\"><img loading=\"lazy\" decoding=\"async\" class=\"size-full wp-image-1549\" src=\"https:\/\/blogs.ugr.es\/rafaelmarfilcarmona\/wp-content\/uploads\/sites\/12\/2023\/03\/Conferencia-Gramsci-20230302-6.jpg\" alt=\"\" width=\"800\" height=\"451\" srcset=\"https:\/\/blogs.ugr.es\/rafaelmarfilcarmona\/wp-content\/uploads\/sites\/12\/2023\/03\/Conferencia-Gramsci-20230302-6.jpg 800w, https:\/\/blogs.ugr.es\/rafaelmarfilcarmona\/wp-content\/uploads\/sites\/12\/2023\/03\/Conferencia-Gramsci-20230302-6-300x169.jpg 300w, https:\/\/blogs.ugr.es\/rafaelmarfilcarmona\/wp-content\/uploads\/sites\/12\/2023\/03\/Conferencia-Gramsci-20230302-6-768x433.jpg 768w\" sizes=\"auto, (max-width: 800px) 100vw, 800px\" \/><figcaption id=\"caption-attachment-1549\" class=\"wp-caption-text\">Conferencia de Giaime Pala sobre la figura de Antonio Gramsci. Facultad de Filosof\u00eda y Letras de Granada. Acompa\u00f1ado y presentado por Jos\u00e9 Luis Moreno Pesta\u00f1a (vicedecano) y Ana Gallego Cui\u00f1as (decana). 2 de marzo de 2023. Foto: R. Marfil.<\/figcaption><\/figure>\n<p>En nuestros d\u00edas, en los que todo parece un eslogan prefabricado, donde los populismos campan a sus anchas por el mundo, es un momento extraordinario para reflexionar sobre nuestro mundo contempor\u00e1neo. Seguramente, es la inquietud a la que responde el <strong>ciclo permanente de Teor\u00eda y Cr\u00edtica de la Sociedad<\/strong>, organizado por la Facultad de Filosof\u00eda y Letras, cuya apertura correspond\u00eda a esta conferencia. Explicaron su raz\u00f3n de ser el vicedecano , Jos\u00e9 Luis Moreno Pesta\u00f1a, y la decana, Ana Mar\u00eda Gallego, en la presentaci\u00f3n del ponente.<\/p>\n<p>Para muchas personas, la figura de Gramsci representa un ideario desfasado del siglo XX. Desde mi punto de vista, <strong>es un gran acierto volver a su obra<\/strong>, especialmente en unos tiempos en los que la sociedad no parece tener muy claro de d\u00f3nde viene y, sobre todo, que valores deben dar solidez a su futuro m\u00e1s inmediato. Ya en la tercera d\u00e9cada del siglo XXI, el sosiego de la perspectiva hist\u00f3rica permite un an\u00e1lisis algo m\u00e1s desapasionado, incluso imparcial. Eso no quiere decir que no sigamos teniendo nuestras ideas en torno al modelo pol\u00edtico y social.<\/p>\n<figure id=\"attachment_1546\" aria-describedby=\"caption-attachment-1546\" style=\"width: 800px\" class=\"wp-caption aligncenter\"><img loading=\"lazy\" decoding=\"async\" class=\"size-full wp-image-1546\" src=\"https:\/\/blogs.ugr.es\/rafaelmarfilcarmona\/wp-content\/uploads\/sites\/12\/2023\/03\/Conferencia-Gramsci-20230302-1.jpg\" alt=\"\" width=\"800\" height=\"449\" srcset=\"https:\/\/blogs.ugr.es\/rafaelmarfilcarmona\/wp-content\/uploads\/sites\/12\/2023\/03\/Conferencia-Gramsci-20230302-1.jpg 800w, https:\/\/blogs.ugr.es\/rafaelmarfilcarmona\/wp-content\/uploads\/sites\/12\/2023\/03\/Conferencia-Gramsci-20230302-1-300x168.jpg 300w, https:\/\/blogs.ugr.es\/rafaelmarfilcarmona\/wp-content\/uploads\/sites\/12\/2023\/03\/Conferencia-Gramsci-20230302-1-768x431.jpg 768w\" sizes=\"auto, (max-width: 800px) 100vw, 800px\" \/><figcaption id=\"caption-attachment-1546\" class=\"wp-caption-text\">Conferencia de Giaime Pala sobre la figura de Antonio Gramsci. Facultad de Filosof\u00eda y Letras de Granada. 2 de marzo de 2023. Foto: R. Marfil.<\/figcaption><\/figure>\n<figure id=\"attachment_1547\" aria-describedby=\"caption-attachment-1547\" style=\"width: 800px\" class=\"wp-caption aligncenter\"><img loading=\"lazy\" decoding=\"async\" class=\"size-full wp-image-1547\" src=\"https:\/\/blogs.ugr.es\/rafaelmarfilcarmona\/wp-content\/uploads\/sites\/12\/2023\/03\/Conferencia-Gramsci-20230302-10.jpg\" alt=\"\" width=\"800\" height=\"449\" srcset=\"https:\/\/blogs.ugr.es\/rafaelmarfilcarmona\/wp-content\/uploads\/sites\/12\/2023\/03\/Conferencia-Gramsci-20230302-10.jpg 800w, https:\/\/blogs.ugr.es\/rafaelmarfilcarmona\/wp-content\/uploads\/sites\/12\/2023\/03\/Conferencia-Gramsci-20230302-10-300x168.jpg 300w, https:\/\/blogs.ugr.es\/rafaelmarfilcarmona\/wp-content\/uploads\/sites\/12\/2023\/03\/Conferencia-Gramsci-20230302-10-768x431.jpg 768w\" sizes=\"auto, (max-width: 800px) 100vw, 800px\" \/><figcaption id=\"caption-attachment-1547\" class=\"wp-caption-text\">Conferencia de Giaime Pala sobre la figura de Antonio Gramsci. Facultad de Filosof\u00eda y Letras de Granada. Acompa\u00f1ado y presentado por Jos\u00e9 Luis Moreno Pesta\u00f1a (vicedecano) y Ana Gallego Cui\u00f1as (decana). 2 de marzo de 2023. Foto: R. Marfil.<\/figcaption><\/figure>\n<p>En la semblanza de Gramsci, realizada por parte de un experto en su figura, como es el <strong>profesor de Historia Contempor\u00e1nea de la Universitat de Girona, Giaime Pala<\/strong>, se revisaron algunos conceptos de marxismo, como es el paso de la interrelaci\u00f3n entre la estructura y la superestructura en la transformaci\u00f3n social. Compruebo tambi\u00e9n, cada vez con m\u00e1s claridad, que no todas las bases de nuestro devenir colectivo est\u00e1n en el siglo XX. De hecho, la comprensi\u00f3n de Marx y, luego, de Gramsci, pasa por la revisi\u00f3n que ambos hicieron del siglo XIX. El fascismo que derrot\u00f3 y llev\u00f3 a la prisi\u00f3n de Turi al autor de los 29 cuadernos desde la c\u00e1rcel, ten\u00eda su origen, sin duda, en la profundidad hist\u00f3rica, cultural, econ\u00f3mica y social de lo ocurrido en el siglo anterior. Tambi\u00e9n se comprende la revoluci\u00f3n bolchevique desde esa perspectiva, as\u00ed como los frenos del marxismo revolucionario en otros pa\u00edses europeos, ese par\u00f3n de la verdadera internacional, de la imposible revoluci\u00f3n permanente. Un obst\u00e1culo del internacionalismo socialista que disgust\u00f3 a Trotsky y que quiso asimilar Stalin desde su s\u00e1dico pragmatismo. En el siglo anterior debe comprenderse la revoluci\u00f3n de 1848; antes incluso, la revoluci\u00f3n francesa; la influencia de la Casa de Saboya en Italia; el cambio industrial; la modernidad capitalista, as\u00ed como la esencia de la pol\u00edtica liberal, r\u00e9gimen destinado a hundirse, seg\u00fan Gramsci.<\/p>\n<h3>Gramsci reflexion\u00f3 sobre la derrota desde su celda, analizando su tiempo y distanci\u00e1ndose de la revoluci\u00f3n bolchevique<\/h3>\n<p>Lo que me apasiona de estas conferencias, del trabajo que hacen los historiadores, es que<strong> se intenta evitar que todo quede difuminado bajo el estereotipo de una nebulosa simplista<\/strong>, en la que muchas cuestiones complejas corren el riesgo de quedar reducidas a media p\u00e1gina de un libro de texto o, peor, a 140 caracteres o un meme. Aprendo, por tanto, que comprender\u00e9 el siglo XX cuando asimile lo ocurrido y consolidado culturalmente d\u00e9cadas atr\u00e1s, seguramente siglos atr\u00e1s. Se debe entender, seg\u00fan el conferenciante, por qu\u00e9 la Gran Guerra \u201cinsert\u00f3 a las masas en la realidad social\u201d. Los cinco millones de soldados ya siempre querr\u00edan tener voz, lo que se un\u00eda al valor del movimiento socialista en aquel momento. Es la conexi\u00f3n entre la realidad militar y pol\u00edtica. El \u00e9xito de Mussolini tiene que ver con el hundimiento del sistema liberal italiano, que Gramsci, con el suministro de documentaci\u00f3n para trabajar en prisi\u00f3n, intent\u00f3 diseccionar en un trabajo que hay llegado hasta nuestros d\u00edas.<\/p>\n<h3>Es momento de valorar el legado intelectual sin partidismos, con la perspectiva del tiempo y de todo lo que hoy sabemos<\/h3>\n<p>Adem\u00e1s, Gramsci intent\u00f3 ver su \u00e9poca con perspectiva, con distancia emocional, a pesar del contexto de odio del que \u00e9l fue una v\u00edctima. \u201cDebo evitar el odio si quiero juzgar al enemigo\u201d, lo resum\u00eda Giaime Pala, que afirmaba que a Gramsci le sali\u00f3 muy bien ese distanciamiento. Reconoci\u00f3, por ejemplo, la inteligencia y eficacia de Mussolini, por ser capaz de resolver algunas contradicciones de la vieja clase dirigente liberal, ofreciendo una soluci\u00f3n a la burgues\u00eda. Destac\u00f3 el v\u00ednculo de la conexi\u00f3n entre pol\u00edtica y econom\u00eda, algo que hoy es evidente, pero que en esa \u00e9poca no todo el mundo ten\u00eda tan claro.<\/p>\n<p>Desconocedor del detalle, y con la lectura de algunos de su antolog\u00eda pendiente, en un <a href=\"https:\/\/www.todostuslibros.com\/libros\/antologia_978-84-460-3793-4\" target=\"_blank\" rel=\"noopener\">libro publicado por Akal,<\/a> con textos tradudicos y seleccionados por Manuel Sacrist\u00e1n, al escuchar la conferencia he podido imaginar un hombre de baja estatura, con una salud delicada, que le\u00eda en ingl\u00e9s y franc\u00e9s, puede que algo en alem\u00e1n, atento a las descripciones del conferenciante. Me preguntaba qu\u00e9 balance har\u00eda el marxista italiano del gran fracaso de ese modelo revolucionario hoy d\u00eda, pero del supuesto \u00e9xito de la democracia en algunos pa\u00edses del mundo, si fuera conocedor de este extra\u00f1o devenir del futuro en el que vivimos. En el debate, posterior a la charla, <strong>se valor\u00f3 el legado ideol\u00f3gico e intelectual de la figura de Gramsci<\/strong>, pero se lleg\u00f3 incluso al detalle biogr\u00e1fico de su acceso a libros y fuentes para escribir su obra en la c\u00e1rcel. Gramsci era, en cierta forma, <a href=\"https:\/\/www.todostuslibros.com\/libros\/el-hombre-en-busca-de-sentido_978-84-254-3202-6\" target=\"_blank\" rel=\"noopener\">el hombre en busca de sentido<\/a> que describi\u00f3 magistralmente Viktor Frankl en una situaci\u00f3n parecida. Se cuestion\u00f3 la figura del intelectual \u201corg\u00e1nico\u201d, el l\u00edder que siempre es necesario, y el profesor Pala supo atender cuestiones complejas. Llam\u00f3 la atenci\u00f3n, por ejemplo, sobre la idea del deber que, seg\u00fan Gramsci, ten\u00eda el partido comunista, que no era otro sino <strong>eliminar la distinci\u00f3n entre dirigentes y dirigidos<\/strong>. Para tomar buena nota en el an\u00e1lisis de la actualidad. Igual a alguno, o alguna, hay que quitarle el carnet de marxista.<\/p>\n<p>Durante la semblanza realizada, profundizando en su obra y en su legado, <strong>se destac\u00f3 el sentido de la historia y su importancia, en la obra de Gramsci<\/strong>, as\u00ed como su visi\u00f3n sist\u00e9mica, en el que las partes conforman un todo a percibir en el devenir revolucionario, que segu\u00eda viendo con optimismo, a pesar de reconocer la derrota. La clave, los clases subalternas, las personas dependientes, como sujetos y protagonistas de la historia. <strong>La subalteridad pol\u00edtica era m\u00e1s determinante que la pobreza o dependencia econ\u00f3mica<\/strong>. Todo, desde un \u201csentido com\u00fan\u201d que era una visi\u00f3n del mundo elemental, fragmentada, desordenada, ca\u00f3tica y, en buena parte, folcl\u00f3rica, una descripci\u00f3n certera de su tiempo.<\/p>\n<h3>Gramsci es m\u00e1s citado que le\u00eddo, seg\u00fan Giaime Pala. Siempre qued\u00f3 bien citarlo en la intelectualidad marxista<\/h3>\n<p>Y una \u00faltima cuesti\u00f3n, que me llam\u00f3 especialmente la atenci\u00f3n. <strong>Giaime Pala aseguraba que, en realidad, Gramsci es m\u00e1s citado que le\u00eddo<\/strong>. Su perfil biogr\u00e1fico, su obra y el vocabulario que empleaba, su capacidad para sintetizar mensajes, lo convirtieron en una figura intelectualmente seductora, de moda permanente en los posicionamientos marxistas hasta nuestros d\u00edas. Sus citas quedaban mejor que las de Lenin. Sin embargo, seg\u00fan el profesor de la Universitat de Girona, si se estudiara su obra en profundidad, no se banalizar\u00eda tanto su pensamiento. Aplico personalmente el consejo, con el reto de leer su obra con mucha m\u00e1s amplitud y atenci\u00f3n. Creo que no fui el \u00fanico en la sala que se hizo ese prop\u00f3sito. La Universidad, adem\u00e1s de todo lo que hoy d\u00eda quiere ser, debe seguir estimulando ese impulso por estudiar y profundizar en el conocimiento. Ciclos como \u00e9ste representan un ejemplo de esa l\u00ednea. Y, para quien pueda pensar en partidismos, que no se equivoque, me interesa tambi\u00e9n comprender la esencia y la raz\u00f3n de ser del fascismo. Me mueve la voluntad de aprender y comprender el mundo. Seguramente, como a la persona que haya le\u00eddo hasta el final esta entrada en <em>Imaginado<\/em>.<\/p>\n<figure id=\"attachment_1540\" aria-describedby=\"caption-attachment-1540\" style=\"width: 435px\" class=\"wp-caption aligncenter\"><img loading=\"lazy\" decoding=\"async\" class=\"size-full wp-image-1540\" src=\"https:\/\/blogs.ugr.es\/rafaelmarfilcarmona\/wp-content\/uploads\/sites\/12\/2023\/03\/Cartel-Conferencia-Gramsci.jpg\" alt=\"\" width=\"435\" height=\"800\" srcset=\"https:\/\/blogs.ugr.es\/rafaelmarfilcarmona\/wp-content\/uploads\/sites\/12\/2023\/03\/Cartel-Conferencia-Gramsci.jpg 435w, https:\/\/blogs.ugr.es\/rafaelmarfilcarmona\/wp-content\/uploads\/sites\/12\/2023\/03\/Cartel-Conferencia-Gramsci-163x300.jpg 163w\" sizes=\"auto, (max-width: 435px) 100vw, 435px\" \/><figcaption id=\"caption-attachment-1540\" class=\"wp-caption-text\">Cartel conferencia Gramsci. 2 de marzo de 2023. Facultad de Filosof\u00eda y Letras Universidad de Granada. Ciclo Teor\u00eda y Cr\u00edtica de la Sociedad. Impartida por Giaime Pala, profesor de la Universitad de Girona<\/figcaption><\/figure>\n<figure id=\"attachment_1548\" aria-describedby=\"caption-attachment-1548\" style=\"width: 800px\" class=\"wp-caption aligncenter\"><img loading=\"lazy\" decoding=\"async\" class=\"size-full wp-image-1548\" src=\"https:\/\/blogs.ugr.es\/rafaelmarfilcarmona\/wp-content\/uploads\/sites\/12\/2023\/03\/Conferencia-Gramsci-20230302-2.jpg\" alt=\"\" width=\"800\" height=\"451\" srcset=\"https:\/\/blogs.ugr.es\/rafaelmarfilcarmona\/wp-content\/uploads\/sites\/12\/2023\/03\/Conferencia-Gramsci-20230302-2.jpg 800w, https:\/\/blogs.ugr.es\/rafaelmarfilcarmona\/wp-content\/uploads\/sites\/12\/2023\/03\/Conferencia-Gramsci-20230302-2-300x169.jpg 300w, https:\/\/blogs.ugr.es\/rafaelmarfilcarmona\/wp-content\/uploads\/sites\/12\/2023\/03\/Conferencia-Gramsci-20230302-2-768x433.jpg 768w\" sizes=\"auto, (max-width: 800px) 100vw, 800px\" \/><figcaption id=\"caption-attachment-1548\" class=\"wp-caption-text\">Conferencia de Giaime Pala sobre la figura de Antonio Gramsci. Facultad de Filosof\u00eda y Letras de Granada. Acompa\u00f1ado y presentado por Jos\u00e9 Luis Moreno Pesta\u00f1a (vicedecano) y Ana Gallego Cui\u00f1as (decana). 2 de marzo de 2023. Foto: R. Marfil.<\/figcaption><\/figure>\n<figure id=\"attachment_1545\" aria-describedby=\"caption-attachment-1545\" style=\"width: 449px\" class=\"wp-caption aligncenter\"><img loading=\"lazy\" decoding=\"async\" class=\"size-full wp-image-1545\" src=\"https:\/\/blogs.ugr.es\/rafaelmarfilcarmona\/wp-content\/uploads\/sites\/12\/2023\/03\/Conferencia-Gramsci-20230302-17.jpg\" alt=\"\" width=\"449\" height=\"800\" srcset=\"https:\/\/blogs.ugr.es\/rafaelmarfilcarmona\/wp-content\/uploads\/sites\/12\/2023\/03\/Conferencia-Gramsci-20230302-17.jpg 449w, https:\/\/blogs.ugr.es\/rafaelmarfilcarmona\/wp-content\/uploads\/sites\/12\/2023\/03\/Conferencia-Gramsci-20230302-17-168x300.jpg 168w\" sizes=\"auto, (max-width: 449px) 100vw, 449px\" \/><figcaption id=\"caption-attachment-1545\" class=\"wp-caption-text\">Conferencia de Giaime Pala sobre la figura de Antonio Gramsci. Facultad de Filosof\u00eda y Letras de Granada. 2 de marzo de 2023. Foto: R. Marfil.<\/figcaption><\/figure>\n<figure id=\"attachment_1543\" aria-describedby=\"caption-attachment-1543\" style=\"width: 449px\" class=\"wp-caption aligncenter\"><img loading=\"lazy\" decoding=\"async\" class=\"size-full wp-image-1543\" src=\"https:\/\/blogs.ugr.es\/rafaelmarfilcarmona\/wp-content\/uploads\/sites\/12\/2023\/03\/Conferencia-Gramsci-20230302-15.jpg\" alt=\"\" width=\"449\" height=\"800\" srcset=\"https:\/\/blogs.ugr.es\/rafaelmarfilcarmona\/wp-content\/uploads\/sites\/12\/2023\/03\/Conferencia-Gramsci-20230302-15.jpg 449w, https:\/\/blogs.ugr.es\/rafaelmarfilcarmona\/wp-content\/uploads\/sites\/12\/2023\/03\/Conferencia-Gramsci-20230302-15-168x300.jpg 168w\" sizes=\"auto, (max-width: 449px) 100vw, 449px\" \/><figcaption id=\"caption-attachment-1543\" class=\"wp-caption-text\">Conferencia de Giaime Pala sobre la figura de Antonio Gramsci. Facultad de Filosof\u00eda y Letras de Granada. 2 de marzo de 2023. Foto: R. Marfil.<\/figcaption><\/figure>\n<figure id=\"attachment_1544\" aria-describedby=\"caption-attachment-1544\" style=\"width: 800px\" class=\"wp-caption aligncenter\"><img loading=\"lazy\" decoding=\"async\" class=\"size-full wp-image-1544\" src=\"https:\/\/blogs.ugr.es\/rafaelmarfilcarmona\/wp-content\/uploads\/sites\/12\/2023\/03\/Conferencia-Gramsci-20230302-16.jpg\" alt=\"\" width=\"800\" height=\"450\" srcset=\"https:\/\/blogs.ugr.es\/rafaelmarfilcarmona\/wp-content\/uploads\/sites\/12\/2023\/03\/Conferencia-Gramsci-20230302-16.jpg 800w, https:\/\/blogs.ugr.es\/rafaelmarfilcarmona\/wp-content\/uploads\/sites\/12\/2023\/03\/Conferencia-Gramsci-20230302-16-300x169.jpg 300w, https:\/\/blogs.ugr.es\/rafaelmarfilcarmona\/wp-content\/uploads\/sites\/12\/2023\/03\/Conferencia-Gramsci-20230302-16-768x432.jpg 768w\" sizes=\"auto, (max-width: 800px) 100vw, 800px\" \/><figcaption id=\"caption-attachment-1544\" class=\"wp-caption-text\">Conferencia de Giaime Pala sobre la figura de Antonio Gramsci. Facultad de Filosof\u00eda y Letras de Granada. Acompa\u00f1ado y presentado por Jos\u00e9 Luis Moreno Pesta\u00f1a (vicedecano) y Ana Gallego Cui\u00f1as (decana). 2 de marzo de 2023. Foto: R. Marfil.<\/figcaption><\/figure>\n<figure id=\"attachment_1542\" aria-describedby=\"caption-attachment-1542\" style=\"width: 800px\" class=\"wp-caption aligncenter\"><img loading=\"lazy\" decoding=\"async\" class=\"size-full wp-image-1542\" src=\"https:\/\/blogs.ugr.es\/rafaelmarfilcarmona\/wp-content\/uploads\/sites\/12\/2023\/03\/Conferencia-Gramsci-20230302-12.jpg\" alt=\"\" width=\"800\" height=\"449\" srcset=\"https:\/\/blogs.ugr.es\/rafaelmarfilcarmona\/wp-content\/uploads\/sites\/12\/2023\/03\/Conferencia-Gramsci-20230302-12.jpg 800w, https:\/\/blogs.ugr.es\/rafaelmarfilcarmona\/wp-content\/uploads\/sites\/12\/2023\/03\/Conferencia-Gramsci-20230302-12-300x168.jpg 300w, https:\/\/blogs.ugr.es\/rafaelmarfilcarmona\/wp-content\/uploads\/sites\/12\/2023\/03\/Conferencia-Gramsci-20230302-12-768x431.jpg 768w\" sizes=\"auto, (max-width: 800px) 100vw, 800px\" \/><figcaption id=\"caption-attachment-1542\" class=\"wp-caption-text\">Conferencia de Giaime Pala sobre la figura de Antonio Gramsci. Facultad de Filosof\u00eda y Letras de Granada. En la foto, Jos\u00e9 Luis Moreno Pesta\u00f1a (vicedecano). 2 de marzo de 2023. Foto: R. Marfil.<\/figcaption><\/figure>\n<h6>Para citar este <em>post<\/em>: Marfil-Carmona, R. (2023, 5 de marzo). Antonio Gramsci: historia y pensamiento con la perspectiva del tiempo [Entrada en un blog]. <em>Imaginado<\/em>. <a href=\"https:\/\/blogs.ugr.es\/rafaelmarfilcarmona\/2023\/03\/05\/antonio-gramsci-historia-y-pensamiento-con-la-perspectiva-del-tiempo\" target=\"_blank\" rel=\"noopener\">https:\/\/blogs.ugr.es\/rafaelmarfilcarmona\/2023\/03\/05\/antonio-gramsci-historia-y-pensamiento-con-la-perspectiva-del-tiempo<\/a><\/h6>\n","protected":false},"excerpt":{"rendered":"<p>Asistir a una conferencia es el modo de conocer, de aprender, que es lo que yo hago, fundamentalmente, en la Universidad. A veces, incluso, tambi\u00e9n ense\u00f1o alguna cosa, que no es sino compartir lo que voy asimilando y comprendiendo a lo largo de los a\u00f1os. Quiz\u00e1 es lo que intento tambi\u00e9n en este blog. En [&hellip;]<\/p>\n<div style='clear:both'><\/div><div  class='the_champ_sharing_container the_champ_horizontal_sharing' data-super-socializer-href=\"https:\/\/blogs.ugr.es\/rafaelmarfilcarmona\/2023\/03\/05\/antonio-gramsci-historia-y-pensamiento-con-la-perspectiva-del-tiempo\/\"><div class='the_champ_sharing_title' style=\"font-weight:bold\" >Comparte, guarda o env\u00eda esta entrada<\/div><div class=\"the_champ_sharing_ul\"><a aria-label=\"Facebook\" class=\"the_champ_facebook\" href=\"https:\/\/www.facebook.com\/sharer\/sharer.php?u=https%3A%2F%2Fblogs.ugr.es%2Frafaelmarfilcarmona%2F%3Fp%3D1531\" title=\"Facebook\" rel=\"nofollow noopener\" target=\"_blank\" style=\"font-size:24px!important;box-shadow:none;display:inline-block;vertical-align:middle\"><span class=\"the_champ_svg\" style=\"background-color:#0765FE;width:30px;height:30px;border-radius:999px;display:inline-block;opacity:1;float:left;font-size:24px;box-shadow:none;display:inline-block;font-size:16px;padding:0 4px;vertical-align:middle;background-repeat:repeat;overflow:hidden;padding:0;cursor:pointer;box-sizing:content-box\"><svg style=\"display:block;border-radius:999px;\" focusable=\"false\" aria-hidden=\"true\" xmlns=\"http:\/\/www.w3.org\/2000\/svg\" width=\"100%\" height=\"100%\" viewBox=\"0 0 32 32\"><path fill=\"#fff\" d=\"M28 16c0-6.627-5.373-12-12-12S4 9.373 4 16c0 5.628 3.875 10.35 9.101 11.647v-7.98h-2.474V16H13.1v-1.58c0-4.085 1.849-5.978 5.859-5.978.76 0 2.072.15 2.608.298v3.325c-.283-.03-.775-.045-1.386-.045-1.967 0-2.728.745-2.728 2.683V16h3.92l-.673 3.667h-3.247v8.245C23.395 27.195 28 22.135 28 16Z\"><\/path><\/svg><\/span><\/a><a aria-label=\"Twitter\" class=\"the_champ_button_twitter\" href=\"https:\/\/twitter.com\/intent\/tweet?via=marfilcarmona&text=Antonio%20Gramsci%3A%20historia%20y%20pensamiento%20con%20la%20perspectiva%20del%20tiempo&url=https%3A%2F%2Fblogs.ugr.es%2Frafaelmarfilcarmona%2F%3Fp%3D1531\" title=\"Twitter\" rel=\"nofollow noopener\" target=\"_blank\" style=\"font-size:24px!important;box-shadow:none;display:inline-block;vertical-align:middle\"><span class=\"the_champ_svg the_champ_s__default the_champ_s_twitter\" style=\"background-color:#55acee;width:30px;height:30px;border-radius:999px;display:inline-block;opacity:1;float:left;font-size:24px;box-shadow:none;display:inline-block;font-size:16px;padding:0 4px;vertical-align:middle;background-repeat:repeat;overflow:hidden;padding:0;cursor:pointer;box-sizing:content-box\"><svg style=\"display:block;border-radius:999px;\" focusable=\"false\" aria-hidden=\"true\" xmlns=\"http:\/\/www.w3.org\/2000\/svg\" width=\"100%\" height=\"100%\" viewBox=\"-4 -4 39 39\"><path d=\"M28 8.557a9.913 9.913 0 0 1-2.828.775 4.93 4.93 0 0 0 2.166-2.725 9.738 9.738 0 0 1-3.13 1.194 4.92 4.92 0 0 0-3.593-1.55 4.924 4.924 0 0 0-4.794 6.049c-4.09-.21-7.72-2.17-10.15-5.15a4.942 4.942 0 0 0-.665 2.477c0 1.71.87 3.214 2.19 4.1a4.968 4.968 0 0 1-2.23-.616v.06c0 2.39 1.7 4.38 3.952 4.83-.414.115-.85.174-1.297.174-.318 0-.626-.03-.928-.086a4.935 4.935 0 0 0 4.6 3.42 9.893 9.893 0 0 1-6.114 2.107c-.398 0-.79-.023-1.175-.068a13.953 13.953 0 0 0 7.55 2.213c9.056 0 14.01-7.507 14.01-14.013 0-.213-.005-.426-.015-.637.96-.695 1.795-1.56 2.455-2.55z\" fill=\"#fff\"><\/path><\/svg><\/span><\/a><a aria-label=\"Linkedin\" class=\"the_champ_button_linkedin\" href=\"https:\/\/www.linkedin.com\/sharing\/share-offsite\/?url=https%3A%2F%2Fblogs.ugr.es%2Frafaelmarfilcarmona%2F%3Fp%3D1531\" title=\"Linkedin\" rel=\"nofollow noopener\" target=\"_blank\" style=\"font-size:24px!important;box-shadow:none;display:inline-block;vertical-align:middle\"><span class=\"the_champ_svg the_champ_s__default the_champ_s_linkedin\" style=\"background-color:#0077b5;width:30px;height:30px;border-radius:999px;display:inline-block;opacity:1;float:left;font-size:24px;box-shadow:none;display:inline-block;font-size:16px;padding:0 4px;vertical-align:middle;background-repeat:repeat;overflow:hidden;padding:0;cursor:pointer;box-sizing:content-box\"><svg style=\"display:block;border-radius:999px;\" focusable=\"false\" aria-hidden=\"true\" xmlns=\"http:\/\/www.w3.org\/2000\/svg\" width=\"100%\" height=\"100%\" viewBox=\"0 0 32 32\"><path d=\"M6.227 12.61h4.19v13.48h-4.19V12.61zm2.095-6.7a2.43 2.43 0 0 1 0 4.86c-1.344 0-2.428-1.09-2.428-2.43s1.084-2.43 2.428-2.43m4.72 6.7h4.02v1.84h.058c.56-1.058 1.927-2.176 3.965-2.176 4.238 0 5.02 2.792 5.02 6.42v7.395h-4.183v-6.56c0-1.564-.03-3.574-2.178-3.574-2.18 0-2.514 1.7-2.514 3.46v6.668h-4.187V12.61z\" fill=\"#fff\"><\/path><\/svg><\/span><\/a><a aria-label=\"Instagram\" class=\"the_champ_button_instagram\" href=\"https:\/\/www.instagram.com\/rmarfil\" title=\"Instagram\" rel=\"nofollow noopener\" target=\"_blank\" style=\"font-size:24px!important;box-shadow:none;display:inline-block;vertical-align:middle\"><span class=\"the_champ_svg\" style=\"background-color:#53beee;width:30px;height:30px;border-radius:999px;display:inline-block;opacity:1;float:left;font-size:24px;box-shadow:none;display:inline-block;font-size:16px;padding:0 4px;vertical-align:middle;background-repeat:repeat;overflow:hidden;padding:0;cursor:pointer;box-sizing:content-box\"><svg style=\"display:block;border-radius:999px;\" version=\"1.1\" viewBox=\"-10 -10 148 148\" width=\"100%\" height=\"100%\" xml:space=\"preserve\" xmlns=\"http:\/\/www.w3.org\/2000\/svg\" xmlns:xlink=\"http:\/\/www.w3.org\/1999\/xlink\"><g><g><path d=\"M86,112H42c-14.336,0-26-11.663-26-26V42c0-14.337,11.664-26,26-26h44c14.337,0,26,11.663,26,26v44 C112,100.337,100.337,112,86,112z M42,24c-9.925,0-18,8.074-18,18v44c0,9.925,8.075,18,18,18h44c9.926,0,18-8.075,18-18V42 c0-9.926-8.074-18-18-18H42z\" fill=\"#fff\"><\/path><\/g><g><path d=\"M64,88c-13.234,0-24-10.767-24-24c0-13.234,10.766-24,24-24s24,10.766,24,24C88,77.233,77.234,88,64,88z M64,48c-8.822,0-16,7.178-16,16s7.178,16,16,16c8.822,0,16-7.178,16-16S72.822,48,64,48z\" fill=\"#fff\"><\/path><\/g><g><circle cx=\"89.5\" cy=\"38.5\" fill=\"#fff\" r=\"5.5\"><\/circle><\/g><\/g><\/svg><\/span><\/a><a aria-label=\"Pinterest\" class=\"the_champ_button_pinterest\" href=\"https:\/\/blogs.ugr.es\/rafaelmarfilcarmona\/2023\/03\/05\/antonio-gramsci-historia-y-pensamiento-con-la-perspectiva-del-tiempo\/\" onclick=\"event.preventDefault();javascript:void((function(){var e=document.createElement('script');e.setAttribute('type','text\/javascript');e.setAttribute('charset','UTF-8');e.setAttribute('src','\/\/assets.pinterest.com\/js\/pinmarklet.js?r='+Math.random()*99999999);document.body.appendChild(e)})());\" title=\"Pinterest\" rel=\"noopener\" style=\"font-size:24px!important;box-shadow:none;display:inline-block;vertical-align:middle\"><span class=\"the_champ_svg the_champ_s__default the_champ_s_pinterest\" style=\"background-color:#cc2329;width:30px;height:30px;border-radius:999px;display:inline-block;opacity:1;float:left;font-size:24px;box-shadow:none;display:inline-block;font-size:16px;padding:0 4px;vertical-align:middle;background-repeat:repeat;overflow:hidden;padding:0;cursor:pointer;box-sizing:content-box\"><svg style=\"display:block;border-radius:999px;\" focusable=\"false\" aria-hidden=\"true\" xmlns=\"http:\/\/www.w3.org\/2000\/svg\" width=\"100%\" height=\"100%\" viewBox=\"-2 -2 35 35\"><path fill=\"#fff\" d=\"M16.539 4.5c-6.277 0-9.442 4.5-9.442 8.253 0 2.272.86 4.293 2.705 5.046.303.125.574.005.662-.33.061-.231.205-.816.27-1.06.088-.331.053-.447-.191-.736-.532-.627-.873-1.439-.873-2.591 0-3.338 2.498-6.327 6.505-6.327 3.548 0 5.497 2.168 5.497 5.062 0 3.81-1.686 7.025-4.188 7.025-1.382 0-2.416-1.142-2.085-2.545.397-1.674 1.166-3.48 1.166-4.689 0-1.081-.581-1.983-1.782-1.983-1.413 0-2.548 1.462-2.548 3.419 0 1.247.421 2.091.421 2.091l-1.699 7.199c-.505 2.137-.076 4.755-.039 5.019.021.158.223.196.314.077.13-.17 1.813-2.247 2.384-4.324.162-.587.929-3.631.929-3.631.46.876 1.801 1.646 3.227 1.646 4.247 0 7.128-3.871 7.128-9.053.003-3.918-3.317-7.568-8.361-7.568z\"\/><\/svg><\/span><\/a><a aria-label=\"Gmail\" class=\"the_champ_button_google_gmail\" href=\"https:\/\/mail.google.com\/mail\/?ui=2&view=cm&fs=1&tf=1&su=Antonio%20Gramsci%3A%20historia%20y%20pensamiento%20con%20la%20perspectiva%20del%20tiempo&body=Link:https%3A%2F%2Fblogs.ugr.es%2Frafaelmarfilcarmona%2F%3Fp%3D1531\" title=\"Google Gmail\" rel=\"nofollow noopener\" target=\"_blank\" style=\"font-size:24px!important;box-shadow:none;display:inline-block;vertical-align:middle\"><span class=\"the_champ_svg the_champ_s__default the_champ_s_Google_Gmail\" style=\"background-color:#e5e5e5;width:30px;height:30px;border-radius:999px;display:inline-block;opacity:1;float:left;font-size:24px;box-shadow:none;display:inline-block;font-size:16px;padding:0 4px;vertical-align:middle;background-repeat:repeat;overflow:hidden;padding:0;cursor:pointer;box-sizing:content-box\"><svg style=\"display:block;border-radius:999px;\" focusable=\"false\" aria-hidden=\"true\" xmlns=\"http:\/\/www.w3.org\/2000\/svg\" width=\"100%\" height=\"100%\" viewBox=\"0 0 32 32\"><path fill=\"#fff\" d=\"M2.902 6.223h26.195v19.554H2.902z\"><\/path><path fill=\"#E14C41\" class=\"the_champ_no_fill\" d=\"M2.902 25.777h26.195V6.223H2.902v19.554zm22.44-4.007v3.806H6.955v-3.6h.032l.093-.034 6.9-5.558 2.09 1.77 1.854-1.63 7.42 5.246zm0-.672l-7.027-4.917 7.028-6.09V21.1zm-1.17-14.67l-.947.905c-2.356 2.284-4.693 4.75-7.17 6.876l-.078.06L8.062 6.39l16.11.033zm-10.597 9.61l-6.62 5.294.016-10.914 6.607 5.62\"><\/path><\/svg><\/span><\/a><a aria-label=\"Google Classroom\" class=\"the_champ_button_google_bookmarks\" href=\"https:\/\/www.google.com\/bookmarks\/mark?op=edit&bkmk=https%3A%2F%2Fblogs.ugr.es%2Frafaelmarfilcarmona%2F%3Fp%3D1531&title=Antonio%20Gramsci%3A%20historia%20y%20pensamiento%20con%20la%20perspectiva%20del%20tiempo&annotation=\" title=\"Google Bookmarks\" rel=\"nofollow noopener\" target=\"_blank\" style=\"font-size:24px!important;box-shadow:none;display:inline-block;vertical-align:middle\"><span class=\"the_champ_svg the_champ_s__default the_champ_s_Google_Bookmarks\" style=\"background-color:#cb0909;width:30px;height:30px;border-radius:999px;display:inline-block;opacity:1;float:left;font-size:24px;box-shadow:none;display:inline-block;font-size:16px;padding:0 4px;vertical-align:middle;background-repeat:repeat;overflow:hidden;padding:0;cursor:pointer;box-sizing:content-box\"><svg style=\"display:block;border-radius:999px;\" focusable=\"false\" aria-hidden=\"true\" xmlns=\"http:\/\/www.w3.org\/2000\/svg\" width=\"100%\" height=\"100%\" viewBox=\"-2 10 80 80\"><path d=\"M 51.22877660575707 38.19080770219705 A 17 17 0 1 0 56 50.00000000000001 h -17\" stroke=\"#fff\" class=\"the_champ_svg_stroke the_champ_no_fill\" stroke-width=\"8\" fill=\"none\"><\/path><\/svg><\/span><\/a><a aria-label=\"Whatsapp\" class=\"the_champ_whatsapp\" href=\"https:\/\/api.whatsapp.com\/send?text=Antonio%20Gramsci%3A%20historia%20y%20pensamiento%20con%20la%20perspectiva%20del%20tiempo https%3A%2F%2Fblogs.ugr.es%2Frafaelmarfilcarmona%2F%3Fp%3D1531\" title=\"Whatsapp\" rel=\"nofollow noopener\" target=\"_blank\" style=\"font-size:24px!important;box-shadow:none;display:inline-block;vertical-align:middle\"><span class=\"the_champ_svg\" style=\"background-color:#55eb4c;width:30px;height:30px;border-radius:999px;display:inline-block;opacity:1;float:left;font-size:24px;box-shadow:none;display:inline-block;font-size:16px;padding:0 4px;vertical-align:middle;background-repeat:repeat;overflow:hidden;padding:0;cursor:pointer;box-sizing:content-box\"><svg style=\"display:block;border-radius:999px;\" focusable=\"false\" aria-hidden=\"true\" xmlns=\"http:\/\/www.w3.org\/2000\/svg\" width=\"100%\" height=\"100%\" viewBox=\"-6 -5 40 40\"><path class=\"the_champ_svg_stroke the_champ_no_fill\" stroke=\"#fff\" stroke-width=\"2\" fill=\"none\" d=\"M 11.579798566743314 24.396926207859085 A 10 10 0 1 0 6.808479557110079 20.73576436351046\"><\/path><path d=\"M 7 19 l -1 6 l 6 -1\" class=\"the_champ_no_fill the_champ_svg_stroke\" stroke=\"#fff\" stroke-width=\"2\" fill=\"none\"><\/path><path d=\"M 10 10 q -1 8 8 11 c 5 -1 0 -6 -1 -3 q -4 -3 -5 -5 c 4 -2 -1 -5 -1 -4\" fill=\"#fff\"><\/path><\/svg><\/span><\/a><a aria-label=\"Evernote\" class=\"the_champ_button_evernote\" href=\"https:\/\/www.evernote.com\/clip.action?url=https%3A%2F%2Fblogs.ugr.es%2Frafaelmarfilcarmona%2F%3Fp%3D1531&title=Antonio%20Gramsci%3A%20historia%20y%20pensamiento%20con%20la%20perspectiva%20del%20tiempo\" title=\"Evernote\" rel=\"nofollow noopener\" target=\"_blank\" style=\"font-size:24px!important;box-shadow:none;display:inline-block;vertical-align:middle\"><span class=\"the_champ_svg the_champ_s__default the_champ_s_evernote\" style=\"background-color:#8be056;width:30px;height:30px;border-radius:999px;display:inline-block;opacity:1;float:left;font-size:24px;box-shadow:none;display:inline-block;font-size:16px;padding:0 4px;vertical-align:middle;background-repeat:repeat;overflow:hidden;padding:0;cursor:pointer;box-sizing:content-box\"><svg style=\"display:block;border-radius:999px;\" focusable=\"false\" aria-hidden=\"true\" xmlns=\"http:\/\/www.w3.org\/2000\/svg\" width=\"100%\" height=\"100%\" viewBox=\"0 0 32 32\"><path fill=\"#fff\" d=\"M7.884 8.573h2.276c.13 0 .236-.106.236-.235 0 0-.027-1.95-.027-2.494v-.006c0-.445.09-.833.253-1.16l.078-.145c-.007 0-.017.005-.025.014l-4.42 4.385c-.01.007-.014.016-.017.026.09-.046.215-.107.233-.115.386-.175.85-.27 1.41-.27zm17.704-.477c-.18-.968-.755-1.444-1.275-1.632-.56-.203-1.698-.413-3.127-.58-1.15-.137-2.504-.126-3.318-.1-.1-.672-.568-1.285-1.096-1.498-1.404-.564-3.573-.428-4.13-.272-.442.125-.932.378-1.205.768-.183.262-.302.595-.302 1.062 0 .265.007.886.015 1.44l.014 1.054c0 .494-.4.896-.896.897H7.99c-.485 0-.856.082-1.14.21-.284.128-.484.303-.636.508-.304.408-.357.912-.355 1.426 0 0 0 .416.102 1.23.084.63.767 5.02 1.414 6.356.25.522.42.736.912.966 1.1.47 3.61.994 4.787 1.146 1.174.15 1.912.466 2.35-.457.002 0 .088-.227.208-.56.382-1.156.435-2.18.435-2.924 0-.076.11-.078.11 0 0 .524-.1 2.38 1.303 2.875.554.197 1.7.373 2.864.51 1.055.12 1.82.537 1.82 3.24 0 1.645-.346 1.87-2.152 1.87-1.464 0-2.02.038-2.02-1.125 0-.938.93-.842 1.616-.842.31 0 .086-.23.086-.81 0-.576.36-.91.02-.918-2.384-.065-3.786-.004-3.786 2.978 0 2.706 1.036 3.208 4.418 3.208 2.65 0 3.588-.086 4.682-3.483.22-.67.742-2.718 1.06-6.154.197-2.173-.194-8.732-.502-10.388zm-4.622 7.25c-.327-.012-.643.01-.937.056.08-.667.353-1.488 1.332-1.453 1.08.033 1.23 1.056 1.237 1.75-.457-.205-1.02-.335-1.635-.357z\"\/><\/svg><\/span><\/a><a aria-label=\"Mendeley\" class=\"the_champ_button_mendeley\" href=\"https:\/\/www.mendeley.com\/sign-in\/\" title=\"Mendeley\" rel=\"nofollow noopener\" target=\"_blank\" style=\"font-size:24px!important;box-shadow:none;display:inline-block;vertical-align:middle\"><span class=\"the_champ_svg the_champ_s__default the_champ_s_mendeley\" style=\"background-color:#a70805;width:30px;height:30px;border-radius:999px;display:inline-block;opacity:1;float:left;font-size:24px;box-shadow:none;display:inline-block;font-size:16px;padding:0 4px;vertical-align:middle;background-repeat:repeat;overflow:hidden;padding:0;cursor:pointer;box-sizing:content-box\"><svg style=\"display:block;border-radius:999px;\" focusable=\"false\" aria-hidden=\"true\" xmlns=\"http:\/\/www.w3.org\/2000\/svg\" width=\"100%\" height=\"100%\" viewBox=\"0 0 32 32\"><path fill=\"#fff\" d=\"M26.596 18.11c-1.466-.087-2.02-.834-1.93-2.164.076-1.113.274-2.22.418-3.327-.023-1.743-.942-3.13-2.488-3.59-1.583-.47-2.97-.14-4.102 1.15-2.322 2.646-2.616 2.634-5.023-.045-1.152-1.28-2.852-1.66-4.39-.98-1.5.667-2.37 2.237-2.15 3.954.08.625.278 1.235.377 1.863.338 2.122-.105 2.7-2.226 3.147-1.066.228-1.913.786-2.05 1.99-.137 1.22.17 2.39 1.404 2.75.77.226 1.853.084 2.55-.32.96-.553 1.064-1.64.733-2.74-.62-2.05-.027-3.04 2.115-3.34.836-.117 1.766-.022 2.568.235 1.302.41 1.692 1.373 1.175 2.65-.45 1.1-.443 2.09.39 2.984.84.9 2.417 1.08 3.518.435 1.12-.657 1.497-1.807 1.042-3.164-.608-1.814-.085-2.783 1.807-3.123.7-.126 1.463-.113 2.16.025 1.834.367 2.377 1.377 1.84 3.188-.504 1.698.196 3.09 1.72 3.43 1.332.295 2.624-.607 2.89-2.022.308-1.633-.593-2.882-2.344-2.988zm-10.71-.085c-1.374-.06-2.453-1.194-2.445-2.57.01-1.46 1.148-2.567 2.61-2.54 1.467.026 2.57 1.177 2.523 2.627-.05 1.43-1.255 2.545-2.687 2.483z\"\/><\/svg><\/span><\/a><a aria-label=\"Tumblr\" class=\"the_champ_button_tumblr\" href=\"https:\/\/www.tumblr.com\/widgets\/share\/tool?posttype=link&canonicalUrl=https%3A%2F%2Fblogs.ugr.es%2Frafaelmarfilcarmona%2F%3Fp%3D1531&title=Antonio%20Gramsci%3A%20historia%20y%20pensamiento%20con%20la%20perspectiva%20del%20tiempo&caption=\" title=\"Tumblr\" rel=\"nofollow noopener\" target=\"_blank\" style=\"font-size:24px!important;box-shadow:none;display:inline-block;vertical-align:middle\"><span class=\"the_champ_svg athe_champ_s__default the_champ_s_tumblr\" style=\"background-color:#29435d;width:30px;height:30px;border-radius:999px;display:inline-block;opacity:1;float:left;font-size:24px;box-shadow:none;display:inline-block;font-size:16px;padding:0 4px;vertical-align:middle;background-repeat:repeat;overflow:hidden;padding:0;cursor:pointer;box-sizing:content-box\"><svg style=\"display:block;border-radius:999px;\" focusable=\"false\" aria-hidden=\"true\" xmlns=\"http:\/\/www.w3.org\/2000\/svg\" width=\"100%\" height=\"100%\" viewBox=\"-2 -2 36 36\"><path fill=\"#fff\" d=\"M20.775 21.962c-.37.177-1.08.33-1.61.345-1.598.043-1.907-1.122-1.92-1.968v-6.217h4.007V11.1H17.26V6.02h-2.925s-.132.044-.144.15c-.17 1.556-.895 4.287-3.923 5.378v2.578h2.02v6.522c0 2.232 1.647 5.404 5.994 5.33 1.467-.025 3.096-.64 3.456-1.17l-.96-2.846z\"\/><\/svg><\/span><\/a><a aria-label=\"WordPress\" class=\"the_champ_button_wordpress\" href=\"https:\/\/blogs.ugr.es\/rafaelmarfilcarmona\/wp-admin\/press-this.php?u=https%3A%2F%2Fblogs.ugr.es%2Frafaelmarfilcarmona%2F%3Fp%3D1531&t=Antonio%20Gramsci%3A%20historia%20y%20pensamiento%20con%20la%20perspectiva%20del%20tiempo\" title=\"WordPress\" rel=\"nofollow noopener\" target=\"_blank\" style=\"font-size:24px!important;box-shadow:none;display:inline-block;vertical-align:middle\"><span class=\"the_champ_svg the_champ_s__default the_champ_s_wordpress\" style=\"background-color:#464646;width:30px;height:30px;border-radius:999px;display:inline-block;opacity:1;float:left;font-size:24px;box-shadow:none;display:inline-block;font-size:16px;padding:0 4px;vertical-align:middle;background-repeat:repeat;overflow:hidden;padding:0;cursor:pointer;box-sizing:content-box\"><svg style=\"display:block;border-radius:999px;\" focusable=\"false\" aria-hidden=\"true\" xmlns=\"http:\/\/www.w3.org\/2000\/svg\" width=\"100%\" height=\"100%\" viewBox=\"0 0 32 32\"><circle fill=\"#fff\" cx=\"16\" cy=\"16\" r=\"14.75\"\/><path class=\"the_champ_no_fill\" fill=\"#464646\" d=\"M3.176 16c0 5.076 2.95 9.462 7.226 11.54L4.287 10.78c-.712 1.595-1.11 3.36-1.11 5.22zm21.48-.646c0-1.586-.57-2.684-1.06-3.537-.647-1.058-1.26-1.95-1.26-3.008 0-1.18.897-2.278 2.156-2.278.057 0 .11.008.166.01-2.28-2.09-5.32-3.367-8.658-3.367-4.48 0-8.422 2.3-10.715 5.78.302.01.585.017.826.017 1.343 0 3.418-.164 3.418-.164.69-.042.774.974.084 1.056 0 0-.694.08-1.466.12l4.668 13.892 2.808-8.417-1.998-5.476c-.69-.04-1.345-.12-1.345-.12-.69-.04-.61-1.1.08-1.058 0 0 2.116.164 3.38.164 1.34 0 3.416-.163 3.416-.163.69-.04.77.976.08 1.058 0 0-.694.08-1.467.12l4.634 13.785 1.28-4.272c.552-1.773.975-3.048.975-4.144zm-8.43 1.766l-3.85 11.18c1.15.34 2.365.523 3.624.523 1.492 0 2.925-.26 4.26-.728-.035-.056-.066-.113-.093-.177L16.225 17.12zM27.25 9.848c.055.408.086.848.086 1.318 0 1.3-.242 2.764-.975 4.594l-3.916 11.324C26.26 24.86 28.822 20.73 28.822 16c0-2.23-.568-4.326-1.57-6.152z\"\/><path d=\"M16 1.052C7.757 1.052 1.052 7.757 1.052 16c0 8.242 6.705 14.948 14.948 14.948 8.242 0 14.948-6.706 14.948-14.95 0-8.24-6.706-14.946-14.948-14.946zm0 29.212c-7.865 0-14.264-6.4-14.264-14.265S8.136 1.734 16 1.734c7.863 0 14.264 6.398 14.264 14.263 0 7.863-6.4 14.264-14.264 14.264z\"\/><\/svg><\/span><\/a><a aria-label=\"Google Classroom\" class=\"the_champ_button_google_classroom\" href=\"https:\/\/classroom.google.com\/u\/0\/share?url=https%3A%2F%2Fblogs.ugr.es%2Frafaelmarfilcarmona%2F%3Fp%3D1531\" title=\"Google Classroom\" rel=\"nofollow noopener\" target=\"_blank\" style=\"font-size:24px!important;box-shadow:none;display:inline-block;vertical-align:middle\"><span class=\"the_champ_svg the_champ_s__default the_champ_s_Google_Classroom\" style=\"background-color:#ffc112;width:30px;height:30px;border-radius:999px;display:inline-block;opacity:1;float:left;font-size:24px;box-shadow:none;display:inline-block;font-size:16px;padding:0 4px;vertical-align:middle;background-repeat:repeat;overflow:hidden;padding:0;cursor:pointer;box-sizing:content-box\"><svg style=\"display:block;border-radius:999px;\" focusable=\"false\" aria-hidden=\"true\" xmlns=\"http:\/\/www.w3.org\/2000\/svg\" width=\"100%\" height=\"100%\" viewBox=\"-2 2 36 36\"><g fill=\"#fff\"><path d=\"M22.667 16.667a1.667 1.667 0 1 0 0-3.334 1.667 1.667 0 0 0 0 3.334zM22.333 18c-1.928 0-4 .946-4 2.117v1.217h8v-1.217c0-1.17-2.072-2.117-4-2.117zm-13-1.333a1.668 1.668 0 1 0-.002-3.336 1.668 1.668 0 0 0 .002 3.336zM9.667 18c-1.928 0-4 .946-4 2.117v1.217h8v-1.217c0-1.17-2.072-2.117-4-2.117z\"\/><path d=\"M15.335 15.333A2.332 2.332 0 1 0 13 13a2.333 2.333 0 0 0 2.335 2.333zm.332 1.334c-2.572 0-5.333 1.392-5.333 3.11v1.557H21v-1.556c0-1.72-2.762-3.11-5.333-3.11zm3 10.666h8v2h-8v-2z\"\/><\/g><\/svg><\/span><\/a><a class=\"the_champ_more\" title=\"More\" rel=\"nofollow noopener\" style=\"font-size:24px!important;border:0;box-shadow:none;display:inline-block!important;font-size:16px;padding:0 4px;vertical-align: middle;display:inline;\" href=\"https:\/\/blogs.ugr.es\/rafaelmarfilcarmona\/?p=1531\" onclick=\"event.preventDefault()\"><span class=\"the_champ_svg\" style=\"background-color:#ee8e2d;width:30px;height:30px;border-radius:999px;display:inline-block!important;opacity:1;float:left;font-size:32px!important;box-shadow:none;display:inline-block;font-size:16px;padding:0 4px;vertical-align:middle;display:inline;background-repeat:repeat;overflow:hidden;padding:0;cursor:pointer;box-sizing:content-box;\" onclick=\"theChampMoreSharingPopup(this, 'https:\/\/blogs.ugr.es\/rafaelmarfilcarmona\/?p=1531', 'Antonio%20Gramsci%3A%20historia%20y%20pensamiento%20con%20la%20perspectiva%20del%20tiempo', '' )\"><svg xmlns=\"http:\/\/www.w3.org\/2000\/svg\" xmlns:xlink=\"http:\/\/www.w3.org\/1999\/xlink\" viewBox=\"-.3 0 32 32\" version=\"1.1\" width=\"100%\" height=\"100%\" style=\"display:block;border-radius:999px;\" xml:space=\"preserve\"><g><path fill=\"#fff\" d=\"M18 14V8h-4v6H8v4h6v6h4v-6h6v-4h-6z\" fill-rule=\"evenodd\"><\/path><\/g><\/svg><\/span><\/a><a style=\"font-size:24px!important;box-shadow:none;display:inline-block!important;font-size: 16px;padding: 0 4px;vertical-align:middle;display:inline;\" class=\"theChampSharingRound\"><div style=\"width:30px;height:30px;border-radius:999px;margin-left:9px !important;\" title=\"Total Shares\" class=\"theChampSharing theChampTCBackground\"><\/div><\/a><\/div><\/div><div style='clear:both'><\/div>","protected":false},"author":15,"featured_media":1544,"comment_status":"open","ping_status":"closed","sticky":false,"template":"","format":"standard","meta":{"_genesis_hide_title":false,"_genesis_hide_breadcrumbs":false,"_genesis_hide_singular_image":false,"_genesis_hide_footer_widgets":false,"_genesis_custom_body_class":"","_genesis_custom_post_class":"","_genesis_layout":"","footnotes":""},"categories":[143,131,11],"tags":[147,133,145,139],"class_list":{"0":"post-1531","1":"post","2":"type-post","3":"status-publish","4":"format-standard","5":"has-post-thumbnail","7":"category-conferencias","8":"category-historia","9":"category-articulos","10":"tag-gramsci","11":"tag-historia","12":"tag-marxismo","13":"tag-pensamiento","14":"entry"},"_links":{"self":[{"href":"https:\/\/blogs.ugr.es\/rafaelmarfilcarmona\/wp-json\/wp\/v2\/posts\/1531","targetHints":{"allow":["GET"]}}],"collection":[{"href":"https:\/\/blogs.ugr.es\/rafaelmarfilcarmona\/wp-json\/wp\/v2\/posts"}],"about":[{"href":"https:\/\/blogs.ugr.es\/rafaelmarfilcarmona\/wp-json\/wp\/v2\/types\/post"}],"author":[{"embeddable":true,"href":"https:\/\/blogs.ugr.es\/rafaelmarfilcarmona\/wp-json\/wp\/v2\/users\/15"}],"replies":[{"embeddable":true,"href":"https:\/\/blogs.ugr.es\/rafaelmarfilcarmona\/wp-json\/wp\/v2\/comments?post=1531"}],"version-history":[{"count":3,"href":"https:\/\/blogs.ugr.es\/rafaelmarfilcarmona\/wp-json\/wp\/v2\/posts\/1531\/revisions"}],"predecessor-version":[{"id":1557,"href":"https:\/\/blogs.ugr.es\/rafaelmarfilcarmona\/wp-json\/wp\/v2\/posts\/1531\/revisions\/1557"}],"wp:featuredmedia":[{"embeddable":true,"href":"https:\/\/blogs.ugr.es\/rafaelmarfilcarmona\/wp-json\/wp\/v2\/media\/1544"}],"wp:attachment":[{"href":"https:\/\/blogs.ugr.es\/rafaelmarfilcarmona\/wp-json\/wp\/v2\/media?parent=1531"}],"wp:term":[{"taxonomy":"category","embeddable":true,"href":"https:\/\/blogs.ugr.es\/rafaelmarfilcarmona\/wp-json\/wp\/v2\/categories?post=1531"},{"taxonomy":"post_tag","embeddable":true,"href":"https:\/\/blogs.ugr.es\/rafaelmarfilcarmona\/wp-json\/wp\/v2\/tags?post=1531"}],"curies":[{"name":"wp","href":"https:\/\/api.w.org\/{rel}","templated":true}]}}