{"id":212,"date":"2020-10-23T10:49:09","date_gmt":"2020-10-23T08:49:09","guid":{"rendered":"https:\/\/blogs.ugr.es\/rockconciencia\/?p=212"},"modified":"2020-10-23T11:13:36","modified_gmt":"2020-10-23T09:13:36","slug":"que-barbara-idad","status":"publish","type":"post","link":"https:\/\/blogs.ugr.es\/rockconciencia\/que-barbara-idad\/","title":{"rendered":"\u00a1Qu\u00e9 B\u00e1rbara-idad!"},"content":{"rendered":"<p style=\"text-align: justify\">En din\u00e1mica de la atm\u00f3sfera, hay dos regiones de los m\u00e1ximos de viento en altura, por un lado estar\u00eda el chorro polar formado por las corrientes ascendentes y los desarrollos o profundizaci\u00f3n de las bajas en superficie. En estas regiones, las ca\u00eddas de presi\u00f3n suelen ser notorias dando lugar a borrascas como \u201cB\u00e1rbara\u201d que estos d\u00edas est\u00e1 atravesando la pen\u00ednsula ib\u00e9rica dejando vientos de hasta 100 km\/h. Como consecuencia del paso de estas borrascas por zonas monta\u00f1osas, es com\u00fan que se formen nubes lenticulares como la que se pudo observar antes de ayer 21 de octubre de 2020, en Roque Bentayga (Gran Canaria): <a href=\"https:\/\/www.laprovincia.es\/gran-canaria\/2020\/10\/21\/borrasca-barbara-deja-fuertes-vientos-20236423.html\">https:\/\/www.laprovincia.es\/gran-canaria\/2020\/10\/21\/borrasca-barbara-deja-fuertes-vientos-20236423.html<\/a><\/p>\n<p style=\"text-align: justify\">Como no pod\u00eda ser de otra manera, mis amados Maiden dedican una canci\u00f3n a la apocal\u00edptica escena de la llegada de un hurac\u00e1n en su tema \u201cWhen the wild wind blows\u201d. Un temazo de casi 11 minutos del decimoquinto \u00e1lbum de estudio de la banda titulado \u00abThe Final Frontier\u00bb. Aunque este tema no tiene video-clip oficial, el brillante ilustrador Brasile\u00f1o Val Andrade, realiz\u00f3 un v\u00eddeo animado dentro de su serie \u00abThe Tales of Iron Maiden\u00bb: <a href=\"https:\/\/youtu.be\/MpQ3jiiZzlc\">https:\/\/youtu.be\/MpQ3jiiZzlc<\/a><\/p>\n<p style=\"text-align: justify\">Curiosamente (o no), la historia de la canci\u00f3n junto con el v\u00eddeo animado son similares a la historia de la pel\u00edcula animada \u00abWhen the Wind Blows\u00bb de 1986 de cuya banda sonora formaron parte David Bowie y Roger Waters, entre otros.<\/p>\n<p style=\"text-align: justify\">Aqu\u00ed os dejo el tema central de la pel\u00edcula compuesta por Bowie y que seguro inspir\u00f3 a Steve Harris para componer su canci\u00f3n.<\/p>\n<p><iframe loading=\"lazy\" title=\"David Bowie   When the wind blows\" width=\"500\" height=\"375\" src=\"https:\/\/www.youtube.com\/embed\/QLZgXm4EoHI?feature=oembed\" frameborder=\"0\" allow=\"accelerometer; autoplay; clipboard-write; encrypted-media; gyroscope; picture-in-picture; web-share\" referrerpolicy=\"strict-origin-when-cross-origin\" allowfullscreen><\/iframe><\/p>\n<p style=\"text-align: justify\">\n","protected":false},"excerpt":{"rendered":"<p>En din\u00e1mica de la atm\u00f3sfera, hay dos regiones de los m\u00e1ximos de viento en altura, por un lado estar\u00eda el chorro polar formado por las corrientes ascendentes y los desarrollos o profundizaci\u00f3n de las bajas en superficie. En estas regiones, las ca\u00eddas de presi\u00f3n suelen ser notorias dando lugar a borrascas como \u201cB\u00e1rbara\u201d que estos [&hellip;]<\/p>\n","protected":false},"author":525,"featured_media":0,"comment_status":"open","ping_status":"closed","sticky":false,"template":"","format":"standard","meta":{"_genesis_hide_title":false,"_genesis_hide_breadcrumbs":false,"_genesis_hide_singular_image":false,"_genesis_hide_footer_widgets":false,"_genesis_custom_body_class":"","_genesis_custom_post_class":"","_genesis_layout":"","footnotes":""},"categories":[1],"tags":[],"class_list":{"0":"post-212","1":"post","2":"type-post","3":"status-publish","4":"format-standard","6":"category-sin-categoria","7":"entry"},"_links":{"self":[{"href":"https:\/\/blogs.ugr.es\/rockconciencia\/wp-json\/wp\/v2\/posts\/212","targetHints":{"allow":["GET"]}}],"collection":[{"href":"https:\/\/blogs.ugr.es\/rockconciencia\/wp-json\/wp\/v2\/posts"}],"about":[{"href":"https:\/\/blogs.ugr.es\/rockconciencia\/wp-json\/wp\/v2\/types\/post"}],"author":[{"embeddable":true,"href":"https:\/\/blogs.ugr.es\/rockconciencia\/wp-json\/wp\/v2\/users\/525"}],"replies":[{"embeddable":true,"href":"https:\/\/blogs.ugr.es\/rockconciencia\/wp-json\/wp\/v2\/comments?post=212"}],"version-history":[{"count":3,"href":"https:\/\/blogs.ugr.es\/rockconciencia\/wp-json\/wp\/v2\/posts\/212\/revisions"}],"predecessor-version":[{"id":220,"href":"https:\/\/blogs.ugr.es\/rockconciencia\/wp-json\/wp\/v2\/posts\/212\/revisions\/220"}],"wp:attachment":[{"href":"https:\/\/blogs.ugr.es\/rockconciencia\/wp-json\/wp\/v2\/media?parent=212"}],"wp:term":[{"taxonomy":"category","embeddable":true,"href":"https:\/\/blogs.ugr.es\/rockconciencia\/wp-json\/wp\/v2\/categories?post=212"},{"taxonomy":"post_tag","embeddable":true,"href":"https:\/\/blogs.ugr.es\/rockconciencia\/wp-json\/wp\/v2\/tags?post=212"}],"curies":[{"name":"wp","href":"https:\/\/api.w.org\/{rel}","templated":true}]}}