{"id":479,"date":"2018-05-11T11:25:51","date_gmt":"2018-05-11T09:25:51","guid":{"rendered":"https:\/\/blogs.ugr.es\/seguridadinformatica\/?p=479"},"modified":"2018-05-11T12:38:58","modified_gmt":"2018-05-11T10:38:58","slug":"nuevo-reglamento-europeo-sobre-privacidad-y-las-comunicaciones-electronicas","status":"publish","type":"post","link":"https:\/\/blogs.ugr.es\/seguridadinformatica\/nuevo-reglamento-europeo-sobre-privacidad-y-las-comunicaciones-electronicas\/","title":{"rendered":"Nuevo Reglamento europeo sobre privacidad y las comunicaciones electr\u00f3nicas"},"content":{"rendered":"<p><a href=\"https:\/\/blogs.ugr.es\/seguridadinformatica\/nuevo-reglamento-europeo-sobre-privacidad-y-las-comunicaciones-electronicas\/attachment\/102\/\" rel=\"attachment wp-att-480\"><img loading=\"lazy\" decoding=\"async\" class=\"size-full wp-image-480 alignleft\" src=\"https:\/\/blogs.ugr.es\/seguridadinformatica\/wp-content\/uploads\/sites\/47\/2018\/05\/102-e1526030602307.jpg\" alt=\"\" width=\"240\" height=\"135\" \/><\/a>A\u00fan no nos hemos adecuado al RGPD ( Reglamento General de Protecci\u00f3n de Datos) y ya est\u00e1 en estudio un nuevo reglamento que afectar\u00e1 a las comunicaciones electr\u00f3nicas y que complementar\u00e1 al de protecci\u00f3n de datos. Hay quien lo ha llamado ePrivacy, y se plantea como una estocada para el periodismo digital, como para la industria digital europea. En este nuevo Reglamento aparecen controles sobre temas como la privacidad en la navegaci\u00f3n web y control de cookies .<\/p>\n<p>Si deseas ver el borrador, ya que a\u00fan no est\u00e1 vigente, ser\u00e1 lo m\u00e1s seguro para el 2019, lo pod\u00e9is ver en este enlace <a href=\"https:\/\/eur-lex.europa.eu\/legal-content\/ES\/TXT\/PDF\/?uri=CELEX:52017PC0010&amp;from=EN\" target=\"_blank\" rel=\"noopener\">Reglamento sobre la privacidad y las comunicaciones electr\u00f3nicas<\/a>.<\/p>\n","protected":false},"excerpt":{"rendered":"<p>A\u00fan no nos hemos adecuado al RGPD ( Reglamento General de Protecci\u00f3n de Datos) y ya est\u00e1 en estudio un nuevo reglamento que afectar\u00e1 a las comunicaciones electr\u00f3nicas y que complementar\u00e1 al de protecci\u00f3n de datos. Hay quien lo ha llamado ePrivacy, y se plantea como una estocada para el periodismo digital, como para la [&hellip;]<\/p>\n","protected":false},"author":27,"featured_media":480,"comment_status":"open","ping_status":"closed","sticky":false,"template":"","format":"standard","meta":{"_genesis_hide_title":false,"_genesis_hide_breadcrumbs":false,"_genesis_hide_singular_image":false,"_genesis_hide_footer_widgets":false,"_genesis_custom_body_class":"","_genesis_custom_post_class":"","_genesis_layout":"","footnotes":""},"categories":[8,12],"tags":[21,11,10,20],"class_list":{"0":"post-479","1":"post","2":"type-post","3":"status-publish","4":"format-standard","5":"has-post-thumbnail","7":"category-normativa","8":"category-noticias","9":"tag-aepd","10":"tag-lopd","11":"tag-normativa","12":"tag-proteccion-de-datos","13":"entry"},"_links":{"self":[{"href":"https:\/\/blogs.ugr.es\/seguridadinformatica\/wp-json\/wp\/v2\/posts\/479","targetHints":{"allow":["GET"]}}],"collection":[{"href":"https:\/\/blogs.ugr.es\/seguridadinformatica\/wp-json\/wp\/v2\/posts"}],"about":[{"href":"https:\/\/blogs.ugr.es\/seguridadinformatica\/wp-json\/wp\/v2\/types\/post"}],"author":[{"embeddable":true,"href":"https:\/\/blogs.ugr.es\/seguridadinformatica\/wp-json\/wp\/v2\/users\/27"}],"replies":[{"embeddable":true,"href":"https:\/\/blogs.ugr.es\/seguridadinformatica\/wp-json\/wp\/v2\/comments?post=479"}],"version-history":[{"count":3,"href":"https:\/\/blogs.ugr.es\/seguridadinformatica\/wp-json\/wp\/v2\/posts\/479\/revisions"}],"predecessor-version":[{"id":484,"href":"https:\/\/blogs.ugr.es\/seguridadinformatica\/wp-json\/wp\/v2\/posts\/479\/revisions\/484"}],"wp:featuredmedia":[{"embeddable":true,"href":"https:\/\/blogs.ugr.es\/seguridadinformatica\/wp-json\/wp\/v2\/media\/480"}],"wp:attachment":[{"href":"https:\/\/blogs.ugr.es\/seguridadinformatica\/wp-json\/wp\/v2\/media?parent=479"}],"wp:term":[{"taxonomy":"category","embeddable":true,"href":"https:\/\/blogs.ugr.es\/seguridadinformatica\/wp-json\/wp\/v2\/categories?post=479"},{"taxonomy":"post_tag","embeddable":true,"href":"https:\/\/blogs.ugr.es\/seguridadinformatica\/wp-json\/wp\/v2\/tags?post=479"}],"curies":[{"name":"wp","href":"https:\/\/api.w.org\/{rel}","templated":true}]}}