{"id":420,"date":"2015-10-20T19:09:56","date_gmt":"2015-10-20T17:09:56","guid":{"rendered":"https:\/\/blogs.ugr.es\/smlab\/?p=420"},"modified":"2018-02-11T19:10:34","modified_gmt":"2018-02-11T18:10:34","slug":"ciclo-de-conferencias-calidad-de-modelos-bim-aplicados-al-patrimonio-3","status":"publish","type":"post","link":"https:\/\/blogs.ugr.es\/smlab\/ciclo-de-conferencias-calidad-de-modelos-bim-aplicados-al-patrimonio-3\/","title":{"rendered":"Ciclo de Conferencias: Calidad de modelos BIM aplicados al Patrimonio"},"content":{"rendered":"<p>Conferencia \u201cAproximaci\u00f3n a la tecnolog\u00eda Building Information Modelling (BIM)\u201d impartida por D. Esteban J. Rivas L\u00f3pez, Arquitecto, Doctor con Menci\u00f3n Internacional y BIM Manager, Director de EBIME-BIM Consulting for Architecture. Conferencia que se enmarca dentro del Ciclo de Conferencias \u201cCalidad de modelos BIM aplicados al Patrimonio\u201d financiado por sendos proyectos del CEI Patrimonium de la Universidad de Ja\u00e9n y la Consejer\u00eda de Fomento y Vivienda de la Junta de Andaluc\u00eda.<\/p>\n<p>Martes 20 de octubre de 2015, a las 12:30 horas<\/p>\n<p>Sala de Grados de la ETS de Arquitectura de la Universidad de Granada (UGR)<\/p>\n<p style=\"text-align: center\"><a href=\"https:\/\/smlabugr.files.wordpress.com\/2015\/10\/cartel_conferencias-bim_151020.jpg\"><img loading=\"lazy\" decoding=\"async\" class=\"alignnone size-medium wp-image-475\" src=\"https:\/\/smlabugr.files.wordpress.com\/2015\/10\/cartel_conferencias-bim_151020.jpg?w=212\" alt=\"Cartel_Conferencias BIM_151020\" width=\"212\" height=\"300\" \/><\/a><\/p>\n<p>Organiza: Laboratorio para el Levantamiento y Modelizaci\u00f3n (SMLab) del Patrimonio Arquitect\u00f3nico de la UGR<\/p>\n","protected":false},"excerpt":{"rendered":"<p>Conferencia \u201cAproximaci\u00f3n a la tecnolog\u00eda Building Information Modelling (BIM)\u201d impartida por D. Esteban J. Rivas L\u00f3pez, Arquitecto, Doctor con Menci\u00f3n Internacional y BIM Manager, Director de EBIME-BIM Consulting for Architecture. Conferencia que se enmarca dentro del Ciclo de Conferencias \u201cCalidad de modelos BIM aplicados al Patrimonio\u201d financiado por sendos proyectos del CEI Patrimonium de la [&hellip;]<\/p>\n","protected":false},"author":29,"featured_media":0,"comment_status":"open","ping_status":"open","sticky":false,"template":"","format":"standard","meta":{"_genesis_hide_title":false,"_genesis_hide_breadcrumbs":false,"_genesis_hide_singular_image":false,"_genesis_hide_footer_widgets":false,"_genesis_custom_body_class":"","_genesis_custom_post_class":"","_genesis_layout":"","footnotes":""},"categories":[18],"tags":[],"class_list":{"0":"post-420","1":"post","2":"type-post","3":"status-publish","4":"format-standard","6":"category-conferencias","7":"entry"},"_links":{"self":[{"href":"https:\/\/blogs.ugr.es\/smlab\/wp-json\/wp\/v2\/posts\/420","targetHints":{"allow":["GET"]}}],"collection":[{"href":"https:\/\/blogs.ugr.es\/smlab\/wp-json\/wp\/v2\/posts"}],"about":[{"href":"https:\/\/blogs.ugr.es\/smlab\/wp-json\/wp\/v2\/types\/post"}],"author":[{"embeddable":true,"href":"https:\/\/blogs.ugr.es\/smlab\/wp-json\/wp\/v2\/users\/29"}],"replies":[{"embeddable":true,"href":"https:\/\/blogs.ugr.es\/smlab\/wp-json\/wp\/v2\/comments?post=420"}],"version-history":[{"count":1,"href":"https:\/\/blogs.ugr.es\/smlab\/wp-json\/wp\/v2\/posts\/420\/revisions"}],"predecessor-version":[{"id":421,"href":"https:\/\/blogs.ugr.es\/smlab\/wp-json\/wp\/v2\/posts\/420\/revisions\/421"}],"wp:attachment":[{"href":"https:\/\/blogs.ugr.es\/smlab\/wp-json\/wp\/v2\/media?parent=420"}],"wp:term":[{"taxonomy":"category","embeddable":true,"href":"https:\/\/blogs.ugr.es\/smlab\/wp-json\/wp\/v2\/categories?post=420"},{"taxonomy":"post_tag","embeddable":true,"href":"https:\/\/blogs.ugr.es\/smlab\/wp-json\/wp\/v2\/tags?post=420"}],"curies":[{"name":"wp","href":"https:\/\/api.w.org\/{rel}","templated":true}]}}