{"id":997,"date":"2020-11-05T20:00:56","date_gmt":"2020-11-05T19:00:56","guid":{"rendered":"https:\/\/blogs.ugr.es\/smlab\/?p=997"},"modified":"2021-03-02T20:16:37","modified_gmt":"2021-03-02T19:16:37","slug":"el-colegio-de-san-pablo-de-escuela-jesuita-a-universidad","status":"publish","type":"post","link":"https:\/\/blogs.ugr.es\/smlab\/el-colegio-de-san-pablo-de-escuela-jesuita-a-universidad\/","title":{"rendered":"El colegio de San Pablo, de escuela jesuita a universidad"},"content":{"rendered":"<p><a href=\"https:\/\/www.youtube.com\/watch?v=ykmvPeftYaM&amp;feature=emb_logo\"><img loading=\"lazy\" decoding=\"async\" class=\"wp-image-998 alignleft\" src=\"https:\/\/blogs.ugr.es\/smlab\/wp-content\/uploads\/sites\/26\/2021\/03\/Conferencia-MC.-Vilchez-300x170.jpg\" alt=\"\" width=\"393\" height=\"223\" srcset=\"https:\/\/blogs.ugr.es\/smlab\/wp-content\/uploads\/sites\/26\/2021\/03\/Conferencia-MC.-Vilchez-300x170.jpg 300w, https:\/\/blogs.ugr.es\/smlab\/wp-content\/uploads\/sites\/26\/2021\/03\/Conferencia-MC.-Vilchez-700x396.jpg 700w, https:\/\/blogs.ugr.es\/smlab\/wp-content\/uploads\/sites\/26\/2021\/03\/Conferencia-MC.-Vilchez.jpg 800w\" sizes=\"auto, (max-width: 393px) 100vw, 393px\" \/><\/a><\/p>\n<p>Conferencia impartida por Mar\u00eda del Carmen V\u00edlchez Lara<br \/>\nCiclo de conferencias: Lugares donde habita la Universidad de Granada I<br \/>\nC\u00e1tedra de Patrimonio.<br \/>\nD\u00eda: 5 de noviembre de 2020<br \/>\nHora: 20:00<br \/>\nLugar: Sal\u00f3n de Caballeros XXIV. Palacio de la Madraza<\/p>\n","protected":false},"excerpt":{"rendered":"<p>Conferencia impartida por Mar\u00eda del Carmen V\u00edlchez Lara Ciclo de conferencias: Lugares donde habita la Universidad de Granada I C\u00e1tedra de Patrimonio. D\u00eda: 5 de noviembre de 2020 Hora: 20:00 Lugar: Sal\u00f3n de Caballeros XXIV. Palacio de la Madraza<\/p>\n","protected":false},"author":29,"featured_media":0,"comment_status":"open","ping_status":"open","sticky":false,"template":"","format":"standard","meta":{"_genesis_hide_title":false,"_genesis_hide_breadcrumbs":false,"_genesis_hide_singular_image":false,"_genesis_hide_footer_widgets":false,"_genesis_custom_body_class":"","_genesis_custom_post_class":"","_genesis_layout":"","footnotes":""},"categories":[18],"tags":[],"class_list":{"0":"post-997","1":"post","2":"type-post","3":"status-publish","4":"format-standard","6":"category-conferencias","7":"entry"},"_links":{"self":[{"href":"https:\/\/blogs.ugr.es\/smlab\/wp-json\/wp\/v2\/posts\/997","targetHints":{"allow":["GET"]}}],"collection":[{"href":"https:\/\/blogs.ugr.es\/smlab\/wp-json\/wp\/v2\/posts"}],"about":[{"href":"https:\/\/blogs.ugr.es\/smlab\/wp-json\/wp\/v2\/types\/post"}],"author":[{"embeddable":true,"href":"https:\/\/blogs.ugr.es\/smlab\/wp-json\/wp\/v2\/users\/29"}],"replies":[{"embeddable":true,"href":"https:\/\/blogs.ugr.es\/smlab\/wp-json\/wp\/v2\/comments?post=997"}],"version-history":[{"count":2,"href":"https:\/\/blogs.ugr.es\/smlab\/wp-json\/wp\/v2\/posts\/997\/revisions"}],"predecessor-version":[{"id":1000,"href":"https:\/\/blogs.ugr.es\/smlab\/wp-json\/wp\/v2\/posts\/997\/revisions\/1000"}],"wp:attachment":[{"href":"https:\/\/blogs.ugr.es\/smlab\/wp-json\/wp\/v2\/media?parent=997"}],"wp:term":[{"taxonomy":"category","embeddable":true,"href":"https:\/\/blogs.ugr.es\/smlab\/wp-json\/wp\/v2\/categories?post=997"},{"taxonomy":"post_tag","embeddable":true,"href":"https:\/\/blogs.ugr.es\/smlab\/wp-json\/wp\/v2\/tags?post=997"}],"curies":[{"name":"wp","href":"https:\/\/api.w.org\/{rel}","templated":true}]}}