{"id":792,"date":"2023-04-18T20:35:29","date_gmt":"2023-04-18T18:35:29","guid":{"rendered":"https:\/\/blogs.ugr.es\/tfm-master-idcim\/?p=792"},"modified":"2023-05-25T16:24:39","modified_gmt":"2023-05-25T14:24:39","slug":"bacterias-viajeras-y-su-implicacion-en-la-salud","status":"publish","type":"post","link":"https:\/\/blogs.ugr.es\/tfm-master-idcim\/bacterias-viajeras-y-su-implicacion-en-la-salud\/","title":{"rendered":"\u00abBacterias viajeras\u00bb y su implicac\u00edon en la salud &#8211; Irene de Pablos Florido"},"content":{"rendered":"<p><span data-contrast=\"auto\"><img loading=\"lazy\" decoding=\"async\" class=\"size-full wp-image-1069 aligncenter\" src=\"https:\/\/blogs.ugr.es\/tfm-master-idcim\/wp-content\/uploads\/sites\/117\/2023\/04\/IRENE_ES.jpg\" alt=\"\" width=\"800\" height=\"450\" srcset=\"https:\/\/blogs.ugr.es\/tfm-master-idcim\/wp-content\/uploads\/sites\/117\/2023\/04\/IRENE_ES.jpg 800w, https:\/\/blogs.ugr.es\/tfm-master-idcim\/wp-content\/uploads\/sites\/117\/2023\/04\/IRENE_ES-300x169.jpg 300w, https:\/\/blogs.ugr.es\/tfm-master-idcim\/wp-content\/uploads\/sites\/117\/2023\/04\/IRENE_ES-700x394.jpg 700w\" sizes=\"auto, (max-width: 800px) 100vw, 800px\" \/><\/span><\/p>\n<p>&nbsp;<\/p>\n<p style=\"text-align: justify\"><span data-contrast=\"auto\">La contaminaci\u00f3n atmosf\u00e9rica es la presencia en el aire de agentes qu\u00edmicos, f\u00edsicos o biol\u00f3gicos que alteran las caracter\u00edsticas naturales de la misma. Actualmente es uno de los mayores riesgos ambientales que existen para la salud.\u00a0<\/span><span data-ccp-props=\"{&quot;201341983&quot;:0,&quot;335551550&quot;:6,&quot;335551620&quot;:6,&quot;335559739&quot;:160,&quot;335559740&quot;:259}\">\u00a0<\/span><\/p>\n<p style=\"text-align: justify\"><span data-contrast=\"auto\">Los brotes de polvo del desierto producen un aumento de las concentraciones de part\u00edculas en la atm\u00f3sfera. Se ha demostrado que estas part\u00edculas de polvo son un excelente veh\u00edculo para el transporte de microorganismos, y es un motivo de preocupaci\u00f3n, ya que pueden viajar miles kil\u00f3metros durante varias semanas, cruzando oc\u00e9anos y continentes, facilitando as\u00ed la propagaci\u00f3n de agentes infecciosos.<\/span><span data-ccp-props=\"{&quot;201341983&quot;:0,&quot;335551550&quot;:6,&quot;335551620&quot;:6,&quot;335559739&quot;:160,&quot;335559740&quot;:259}\">\u00a0<\/span><\/p>\n<p style=\"text-align: justify\"><span data-contrast=\"auto\">Nuestro objetivo es determinar la presencia de estas \u201cbacterias viajeras\u201d en muestras de polvo sahariano, recogidas en Canarias, una regi\u00f3n especialmente azotada por los eventos de calima. Para ello extraemos el material gen\u00e9tico (ADN) de la bacteria y posteriormente lo purificamos; de esta forma podremos identificarlas y comprobar si son bacterias ya descritas o, por el contrario, no se conoc\u00eda su presencia hasta el momento.\u00a0<\/span><span data-ccp-props=\"{&quot;201341983&quot;:0,&quot;335551550&quot;:6,&quot;335551620&quot;:6,&quot;335559739&quot;:0,&quot;335559740&quot;:259}\">\u00a0<\/span><\/p>\n<p style=\"text-align: justify\"><span data-contrast=\"auto\">Una vez identificadas podremos saber su implicaci\u00f3n en la salud y su posible potencial biotecnol\u00f3gico, por sus especiales caracter\u00edsticas de resistencia a condiciones extremas, como luz UV o bajas temperaturas.<\/span><span data-ccp-props=\"{&quot;201341983&quot;:0,&quot;335551550&quot;:6,&quot;335551620&quot;:6,&quot;335559739&quot;:0,&quot;335559740&quot;:259}\">\u00a0<\/span><\/p>\n<p><b><span data-contrast=\"auto\">Palabras clave<\/span><\/b><span data-contrast=\"auto\">: microorganismos, part\u00edculas de polvo, calima, salud, potencial biotecnol\u00f3gico.<\/span><span data-ccp-props=\"{&quot;201341983&quot;:0,&quot;335551550&quot;:6,&quot;335551620&quot;:6,&quot;335559739&quot;:160,&quot;335559740&quot;:259}\">\u00a0<\/span><\/p>\n<p><strong>Dirigido por:<\/strong> Ana del Moral Garc\u00eda<\/p>\n","protected":false},"excerpt":{"rendered":"<p>&nbsp; La contaminaci\u00f3n atmosf\u00e9rica es la presencia en el aire de agentes qu\u00edmicos, f\u00edsicos o biol\u00f3gicos que alteran las caracter\u00edsticas naturales de la misma. Actualmente es uno de los mayores riesgos ambientales que existen para la salud.\u00a0\u00a0 Los brotes de polvo del desierto producen un aumento de las concentraciones de part\u00edculas en la atm\u00f3sfera. Se [&hellip;]<\/p>\n","protected":false},"author":589,"featured_media":829,"comment_status":"open","ping_status":"closed","sticky":false,"template":"","format":"standard","meta":{"_genesis_hide_title":false,"_genesis_hide_breadcrumbs":false,"_genesis_hide_singular_image":false,"_genesis_hide_footer_widgets":false,"_genesis_custom_body_class":"","_genesis_custom_post_class":"","_genesis_layout":"","footnotes":""},"categories":[464,490],"tags":[],"class_list":{"0":"post-792","1":"post","2":"type-post","3":"status-publish","4":"format-standard","5":"has-post-thumbnail","7":"category-2022-2023","8":"category-microbiologia","9":"entry"},"_links":{"self":[{"href":"https:\/\/blogs.ugr.es\/tfm-master-idcim\/wp-json\/wp\/v2\/posts\/792","targetHints":{"allow":["GET"]}}],"collection":[{"href":"https:\/\/blogs.ugr.es\/tfm-master-idcim\/wp-json\/wp\/v2\/posts"}],"about":[{"href":"https:\/\/blogs.ugr.es\/tfm-master-idcim\/wp-json\/wp\/v2\/types\/post"}],"author":[{"embeddable":true,"href":"https:\/\/blogs.ugr.es\/tfm-master-idcim\/wp-json\/wp\/v2\/users\/589"}],"replies":[{"embeddable":true,"href":"https:\/\/blogs.ugr.es\/tfm-master-idcim\/wp-json\/wp\/v2\/comments?post=792"}],"version-history":[{"count":3,"href":"https:\/\/blogs.ugr.es\/tfm-master-idcim\/wp-json\/wp\/v2\/posts\/792\/revisions"}],"predecessor-version":[{"id":1155,"href":"https:\/\/blogs.ugr.es\/tfm-master-idcim\/wp-json\/wp\/v2\/posts\/792\/revisions\/1155"}],"wp:featuredmedia":[{"embeddable":true,"href":"https:\/\/blogs.ugr.es\/tfm-master-idcim\/wp-json\/wp\/v2\/media\/829"}],"wp:attachment":[{"href":"https:\/\/blogs.ugr.es\/tfm-master-idcim\/wp-json\/wp\/v2\/media?parent=792"}],"wp:term":[{"taxonomy":"category","embeddable":true,"href":"https:\/\/blogs.ugr.es\/tfm-master-idcim\/wp-json\/wp\/v2\/categories?post=792"},{"taxonomy":"post_tag","embeddable":true,"href":"https:\/\/blogs.ugr.es\/tfm-master-idcim\/wp-json\/wp\/v2\/tags?post=792"}],"curies":[{"name":"wp","href":"https:\/\/api.w.org\/{rel}","templated":true}]}}