{"id":1770,"date":"2017-03-15T11:59:41","date_gmt":"2017-03-15T10:59:41","guid":{"rendered":"https:\/\/thephilologistugr.wordpress.com\/?p=1770"},"modified":"2017-03-15T11:59:41","modified_gmt":"2017-03-15T10:59:41","slug":"grenz-uber-gange-ciclo-de-cine-aleman-en-filosofia-y-letras-233-204-115-2017","status":"publish","type":"post","link":"https:\/\/blogs.ugr.es\/thephilologist\/grenz-uber-gange-ciclo-de-cine-aleman-en-filosofia-y-letras-233-204-115-2017\/","title":{"rendered":"\u00abGrenz (\u00dcber) G\u00e4nge\u00bb: Ciclo de cine alem\u00e1n en Filosof\u00eda y Letras, 23\/3, 20\/4, 11\/5 &#8211; 2017"},"content":{"rendered":"<p><img loading=\"lazy\" decoding=\"async\" class=\"  wp-image-1774 alignleft\" src=\"https:\/\/thephilologistugr.files.wordpress.com\/2017\/03\/ciclo-de-cine-alemc3a1n.jpg?w=680\" alt=\"Ciclo de Cine Alem\u00e1n\" width=\"310\" height=\"576\" \/><\/p>\n<p>La profesora Rebecca Cramer, del Dpto. de Filolog\u00edas Inglesa y Alemana, ha organizado en colaboraci\u00f3n con el Goethe Institut, el DAAD y la Facultad de Filosof\u00eda y Letras, un ciclo de cine alem\u00e1n bajo el t\u00edtulo \u00a0\u00abGrenz (\u00dcber) G\u00e4nge\u00bb (Cruzando fronteras \/ Crossing borders). <!--more-->El ciclo consta de las siguientes pel\u00edculas, que se emitir\u00e1n en versi\u00f3n original con subt\u00edtulos en castellano:<\/p>\n<p>23\/3\/2017:<strong>\u00a0<em>Die Farbe des Ozeans<\/em> <\/strong>(2011) [El color del oc\u00e9ano]<br \/>\nDir. Maggie Peren<\/p>\n<p>20\/4\/2017:<strong>\u00a0<em>Die Fremde<\/em><\/strong> (2010) [La extra\u00f1a]<br \/>\nDir. Feo Aladag<\/p>\n<p>11\/5\/2017:<strong>\u00a0<em>Scherbenpark<\/em><\/strong> (2013)<br \/>\nDir. Bettina Bl\u00fcmner<\/p>\n<p>Todas las proyecciones tendr\u00e1n lugar en el Aula Magna de la Facultad de Filosof\u00eda y Letras, a las 17:30 h.<\/p>\n<p>Seguiremos informando.<\/p>\n","protected":false},"excerpt":{"rendered":"<p>La profesora Rebecca Cramer, del Dpto. de Filolog\u00edas Inglesa y Alemana, ha organizado en colaboraci\u00f3n con el Goethe Institut, el DAAD y la Facultad de Filosof\u00eda y Letras, un ciclo de cine alem\u00e1n bajo el t\u00edtulo \u00a0\u00abGrenz (\u00dcber) G\u00e4nge\u00bb (Cruzando fronteras \/ Crossing borders).<\/p>\n","protected":false},"author":21,"featured_media":1782,"comment_status":"open","ping_status":"open","sticky":false,"template":"","format":"standard","meta":{"_genesis_hide_title":false,"_genesis_hide_breadcrumbs":false,"_genesis_hide_singular_image":false,"_genesis_hide_footer_widgets":false,"_genesis_custom_body_class":"","_genesis_custom_post_class":"","_genesis_layout":"","footnotes":""},"categories":[23,9,1],"tags":[108,529],"class_list":{"0":"post-1770","1":"post","2":"type-post","3":"status-publish","4":"format-standard","5":"has-post-thumbnail","7":"category-cultural-events","8":"category-events","9":"category-sin-categoria","10":"tag-cine","11":"tag-v-o-s","12":"entry"},"_links":{"self":[{"href":"https:\/\/blogs.ugr.es\/thephilologist\/wp-json\/wp\/v2\/posts\/1770","targetHints":{"allow":["GET"]}}],"collection":[{"href":"https:\/\/blogs.ugr.es\/thephilologist\/wp-json\/wp\/v2\/posts"}],"about":[{"href":"https:\/\/blogs.ugr.es\/thephilologist\/wp-json\/wp\/v2\/types\/post"}],"author":[{"embeddable":true,"href":"https:\/\/blogs.ugr.es\/thephilologist\/wp-json\/wp\/v2\/users\/21"}],"replies":[{"embeddable":true,"href":"https:\/\/blogs.ugr.es\/thephilologist\/wp-json\/wp\/v2\/comments?post=1770"}],"version-history":[{"count":0,"href":"https:\/\/blogs.ugr.es\/thephilologist\/wp-json\/wp\/v2\/posts\/1770\/revisions"}],"wp:featuredmedia":[{"embeddable":true,"href":"https:\/\/blogs.ugr.es\/thephilologist\/wp-json\/"}],"wp:attachment":[{"href":"https:\/\/blogs.ugr.es\/thephilologist\/wp-json\/wp\/v2\/media?parent=1770"}],"wp:term":[{"taxonomy":"category","embeddable":true,"href":"https:\/\/blogs.ugr.es\/thephilologist\/wp-json\/wp\/v2\/categories?post=1770"},{"taxonomy":"post_tag","embeddable":true,"href":"https:\/\/blogs.ugr.es\/thephilologist\/wp-json\/wp\/v2\/tags?post=1770"}],"curies":[{"name":"wp","href":"https:\/\/api.w.org\/{rel}","templated":true}]}}