{"id":2572,"date":"2017-05-04T11:48:29","date_gmt":"2017-05-04T10:48:29","guid":{"rendered":"https:\/\/thephilologistugr.wordpress.com\/?p=2572"},"modified":"2017-05-04T11:48:29","modified_gmt":"2017-05-04T10:48:29","slug":"video-y-fotos-acto-entrega-premios-i-premio-de-poesia-the-philologist-ugr","status":"publish","type":"post","link":"https:\/\/blogs.ugr.es\/thephilologist\/video-y-fotos-acto-entrega-premios-i-premio-de-poesia-the-philologist-ugr\/","title":{"rendered":"Fotos del acto de entrega de premios del I Premio de Poes\u00eda the philologist \/UGR\/"},"content":{"rendered":"<p style=\"text-align:justify\"><span style=\"color:#99ccff\">Buenos d\u00edas a todxs, hoy os traemos las fotograf\u00edas del acto de entrega de premios del I Premio de Poes\u00eda the philologist \/UGR\/. Si no pudiste asistir al acto o simplemente quieres recordar algunos momentos&#8230; \u00a1Aqu\u00ed est\u00e1n!<\/span><\/p>\n\n<p><strong>V\u00eddeo, edici\u00f3n y fotograf\u00edas<\/strong>: the philologist \/UGR\/ team y Victoria Valle Delgado<\/p>\n","protected":false},"excerpt":{"rendered":"<p>Buenos d\u00edas a todxs, hoy os traemos las fotograf\u00edas del acto de entrega de premios del I Premio de Poes\u00eda the philologist \/UGR\/. Si no pudiste asistir al acto o simplemente quieres recordar algunos momentos&#8230; \u00a1Aqu\u00ed est\u00e1n! V\u00eddeo, edici\u00f3n y fotograf\u00edas: the philologist \/UGR\/ team y Victoria Valle Delgado<\/p>\n","protected":false},"author":21,"featured_media":2580,"comment_status":"open","ping_status":"open","sticky":false,"template":"","format":"standard","meta":{"_genesis_hide_title":false,"_genesis_hide_breadcrumbs":false,"_genesis_hide_singular_image":false,"_genesis_hide_footer_widgets":false,"_genesis_custom_body_class":"","_genesis_custom_post_class":"","_genesis_layout":"","footnotes":""},"categories":[23,9,33],"tags":[117,119,237,389,390],"class_list":{"0":"post-2572","1":"post","2":"type-post","3":"status-publish","4":"format-standard","5":"has-post-thumbnail","7":"category-cultural-events","8":"category-events","9":"category-premio-poesia-the-philologist-ugr","10":"tag-concurso","11":"tag-contest","12":"tag-i-premio-de-poesia-the-philologist-ugr","13":"tag-poesia","14":"tag-poetry","15":"entry"},"_links":{"self":[{"href":"https:\/\/blogs.ugr.es\/thephilologist\/wp-json\/wp\/v2\/posts\/2572","targetHints":{"allow":["GET"]}}],"collection":[{"href":"https:\/\/blogs.ugr.es\/thephilologist\/wp-json\/wp\/v2\/posts"}],"about":[{"href":"https:\/\/blogs.ugr.es\/thephilologist\/wp-json\/wp\/v2\/types\/post"}],"author":[{"embeddable":true,"href":"https:\/\/blogs.ugr.es\/thephilologist\/wp-json\/wp\/v2\/users\/21"}],"replies":[{"embeddable":true,"href":"https:\/\/blogs.ugr.es\/thephilologist\/wp-json\/wp\/v2\/comments?post=2572"}],"version-history":[{"count":0,"href":"https:\/\/blogs.ugr.es\/thephilologist\/wp-json\/wp\/v2\/posts\/2572\/revisions"}],"wp:featuredmedia":[{"embeddable":true,"href":"https:\/\/blogs.ugr.es\/thephilologist\/wp-json\/"}],"wp:attachment":[{"href":"https:\/\/blogs.ugr.es\/thephilologist\/wp-json\/wp\/v2\/media?parent=2572"}],"wp:term":[{"taxonomy":"category","embeddable":true,"href":"https:\/\/blogs.ugr.es\/thephilologist\/wp-json\/wp\/v2\/categories?post=2572"},{"taxonomy":"post_tag","embeddable":true,"href":"https:\/\/blogs.ugr.es\/thephilologist\/wp-json\/wp\/v2\/tags?post=2572"}],"curies":[{"name":"wp","href":"https:\/\/api.w.org\/{rel}","templated":true}]}}