{"id":3021,"date":"2017-05-29T20:32:34","date_gmt":"2017-05-29T19:32:34","guid":{"rendered":"https:\/\/thephilologistugr.wordpress.com\/?p=3021"},"modified":"2017-05-29T20:32:34","modified_gmt":"2017-05-29T19:32:34","slug":"3021-2","status":"publish","type":"post","link":"https:\/\/blogs.ugr.es\/thephilologist\/3021-2\/","title":{"rendered":"Entrevista a Natalia D. Muresan sobre la adquisici\u00f3n de la L2"},"content":{"rendered":"<p style=\"text-align:justify\"><span style=\"color:#99ccff\">Hoy presentamos una entrevista sobre la adquisici\u00f3n de la L2 a una alumna triling\u00fce (rumano, ingl\u00e9s y espa\u00f1ol) de cuarto del grado de Estudios Ingleses, <strong>Natalia Denisa Muresan<\/strong>. Esta entrevista ha sido posible gracias a Teresa Aranda Redondo, alumna del m\u00e1ster de ling\u00fc\u00edstica; Ana Luque Burgos, alumna del grado en Estudios Ingleses; y Mar\u00eda Moreno Ja\u00e9n, profesora del grado en Estudios Ingleses. Enjoy!<\/span><\/p>\n<p>https:\/\/www.youtube.com\/watch?v=W2e8hg2Chlo<\/p>\n<p style=\"text-align:justify\"><span style=\"color:#99ccff\"><strong>Fotos de la entrevista<\/strong>:<\/span><\/p>\n\n<p style=\"text-align:justify\"><strong>Entrevista<\/strong>: Teresa Aranda Redondo y Ana Luque Burgos<\/p>\n<p style=\"text-align:justify\"><strong>V\u00eddeo, fotograf\u00eda y edici\u00f3n<\/strong>: Eva R\u00edos S\u00e1nchez<\/p>\n","protected":false},"excerpt":{"rendered":"<p>Hoy presentamos una entrevista sobre la adquisici\u00f3n de la L2 a una alumna triling\u00fce (rumano, ingl\u00e9s y espa\u00f1ol) de cuarto del grado de Estudios Ingleses, Natalia Denisa Muresan. Esta entrevista ha sido posible gracias a Teresa Aranda Redondo, alumna del m\u00e1ster de ling\u00fc\u00edstica; Ana Luque Burgos, alumna del grado en Estudios Ingleses; y Mar\u00eda Moreno [&hellip;]<\/p>\n","protected":false},"author":21,"featured_media":3024,"comment_status":"open","ping_status":"open","sticky":false,"template":"","format":"standard","meta":{"_genesis_hide_title":false,"_genesis_hide_breadcrumbs":false,"_genesis_hide_singular_image":false,"_genesis_hide_footer_widgets":false,"_genesis_custom_body_class":"","_genesis_custom_post_class":"","_genesis_layout":"","footnotes":""},"categories":[11,15],"tags":[41,304,305],"class_list":{"0":"post-3021","1":"post","2":"type-post","3":"status-publish","4":"format-standard","5":"has-post-thumbnail","7":"category-off-campus","8":"category-students-world","9":"tag-adquisicion-del-idioma","10":"tag-linguistica","11":"tag-linguistica-aplicada","12":"entry"},"_links":{"self":[{"href":"https:\/\/blogs.ugr.es\/thephilologist\/wp-json\/wp\/v2\/posts\/3021","targetHints":{"allow":["GET"]}}],"collection":[{"href":"https:\/\/blogs.ugr.es\/thephilologist\/wp-json\/wp\/v2\/posts"}],"about":[{"href":"https:\/\/blogs.ugr.es\/thephilologist\/wp-json\/wp\/v2\/types\/post"}],"author":[{"embeddable":true,"href":"https:\/\/blogs.ugr.es\/thephilologist\/wp-json\/wp\/v2\/users\/21"}],"replies":[{"embeddable":true,"href":"https:\/\/blogs.ugr.es\/thephilologist\/wp-json\/wp\/v2\/comments?post=3021"}],"version-history":[{"count":0,"href":"https:\/\/blogs.ugr.es\/thephilologist\/wp-json\/wp\/v2\/posts\/3021\/revisions"}],"wp:featuredmedia":[{"embeddable":true,"href":"https:\/\/blogs.ugr.es\/thephilologist\/wp-json\/"}],"wp:attachment":[{"href":"https:\/\/blogs.ugr.es\/thephilologist\/wp-json\/wp\/v2\/media?parent=3021"}],"wp:term":[{"taxonomy":"category","embeddable":true,"href":"https:\/\/blogs.ugr.es\/thephilologist\/wp-json\/wp\/v2\/categories?post=3021"},{"taxonomy":"post_tag","embeddable":true,"href":"https:\/\/blogs.ugr.es\/thephilologist\/wp-json\/wp\/v2\/tags?post=3021"}],"curies":[{"name":"wp","href":"https:\/\/api.w.org\/{rel}","templated":true}]}}