{"id":5607,"date":"2018-03-07T19:25:26","date_gmt":"2018-03-07T18:25:26","guid":{"rendered":"https:\/\/blogs.ugr.es\/thephilologist\/?p=5607"},"modified":"2018-06-19T19:31:39","modified_gmt":"2018-06-19T17:31:39","slug":"lectura-dramatizada-de-hijas-de-un-sueno-de-gerardo-rodriguez-salas","status":"publish","type":"post","link":"https:\/\/blogs.ugr.es\/thephilologist\/lectura-dramatizada-de-hijas-de-un-sueno-de-gerardo-rodriguez-salas\/","title":{"rendered":"Lectura dramatizada de \u00abHijas de un Sue\u00f1o\u00bb de Gerardo Rodr\u00edguez Salas"},"content":{"rendered":"<p style=\"text-align: justify\"><strong><img loading=\"lazy\" decoding=\"async\" class=\" wp-image-5672 alignleft\" src=\"https:\/\/thephilologistugr20.files.wordpress.com\/2018\/03\/28379725_147970075899920_5857766005278442472_n.jpg\" alt=\"28379725_147970075899920_5857766005278442472_n\" width=\"657\" height=\"462\" \/><\/strong><strong>Gerardo Rodr\u00edguez-Salas<\/strong> har\u00e1 una lectura dramatizada de su libro\u00a0\u00abHijas de un Sue\u00f1o\u00bb este Viernes a las <strong>19:00h<\/strong>, con la compa\u00f1\u00eda de nuestros profesores del departamento, actores, un director y una violinista, en la librer\u00eda <strong>Picasso<\/strong>.<\/p>\n<p>&nbsp;<\/p>\n<p>&nbsp;<\/p>\n<p>&nbsp;<\/p>\n<p>&nbsp;<\/p>\n<p style=\"text-align: justify\"><!--more-->El acto se celebrar\u00e1 como hemos dicho, en la librer\u00eda Picasso situada en <strong>c\/ Obispo Hurtado<\/strong>, n\u00famero 5. La entrada ser\u00e1 libre hasta completar aforo, \u00a1as\u00ed que os recomendamos que seais puntuales!<\/p>\n<p style=\"text-align: justify\">Nuestro Gerardo estar\u00e1 acompa\u00f1ado por:<br \/>\n<strong>Margarita Carretero Gonz\u00e1lez <\/strong>(Profesora de Literatura Inglesa)<br \/>\n<strong> Matthias Stern <\/strong>(violonchelista de la OCG)<span class=\"text_exposed_show\"><br \/>\n<strong> Encarnaci\u00f3n Hidalgo Tenorio<\/strong> (Profesora de Literatura Inglesa)<br \/>\n<strong> Jos\u00e9 Ruiz M\u00e1s<\/strong> (Profesor de Literatura Inglesa)<br \/>\n<strong> Mari Paqui Ruiz Jim\u00e9nez <\/strong>(actriz)<br \/>\n<strong> Carmen Santiago Bol\u00edvar <\/strong>(actriz)<br \/>\n<strong> Celia Guerrero Mart\u00ednez<\/strong> (actriz)<br \/>\n<strong> Amador Aranda Gallardo<\/strong> (director)<\/span><\/p>\n<p>\u00a1All\u00ed nos vemos!<\/p>\n","protected":false},"excerpt":{"rendered":"<p>Gerardo Rodr\u00edguez-Salas har\u00e1 una lectura dramatizada de su libro\u00a0\u00abHijas de un Sue\u00f1o\u00bb este Viernes a las 19:00h, con la compa\u00f1\u00eda de nuestros profesores del departamento, actores, un director y una violinista, en la librer\u00eda Picasso. &nbsp; &nbsp; &nbsp; &nbsp;<\/p>\n","protected":false},"author":21,"featured_media":5608,"comment_status":"open","ping_status":"open","sticky":false,"template":"","format":"standard","meta":{"_genesis_hide_title":false,"_genesis_hide_breadcrumbs":false,"_genesis_hide_singular_image":false,"_genesis_hide_footer_widgets":false,"_genesis_custom_body_class":"","_genesis_custom_post_class":"","_genesis_layout":"","footnotes":""},"categories":[20,9,11,13],"tags":[583,207,599,600],"class_list":{"0":"post-5607","1":"post","2":"type-post","3":"status-publish","4":"format-standard","5":"has-post-thumbnail","7":"category-agenda","8":"category-events","9":"category-off-campus","10":"category-professors-beyond-the-classroom","11":"tag-books","12":"tag-gerardo-rodriguez-salas","13":"tag-hijas-de-un-sueno","14":"tag-lectura-dramatizada","15":"entry"},"_links":{"self":[{"href":"https:\/\/blogs.ugr.es\/thephilologist\/wp-json\/wp\/v2\/posts\/5607","targetHints":{"allow":["GET"]}}],"collection":[{"href":"https:\/\/blogs.ugr.es\/thephilologist\/wp-json\/wp\/v2\/posts"}],"about":[{"href":"https:\/\/blogs.ugr.es\/thephilologist\/wp-json\/wp\/v2\/types\/post"}],"author":[{"embeddable":true,"href":"https:\/\/blogs.ugr.es\/thephilologist\/wp-json\/wp\/v2\/users\/21"}],"replies":[{"embeddable":true,"href":"https:\/\/blogs.ugr.es\/thephilologist\/wp-json\/wp\/v2\/comments?post=5607"}],"version-history":[{"count":2,"href":"https:\/\/blogs.ugr.es\/thephilologist\/wp-json\/wp\/v2\/posts\/5607\/revisions"}],"predecessor-version":[{"id":5610,"href":"https:\/\/blogs.ugr.es\/thephilologist\/wp-json\/wp\/v2\/posts\/5607\/revisions\/5610"}],"wp:featuredmedia":[{"embeddable":true,"href":"https:\/\/blogs.ugr.es\/thephilologist\/wp-json\/wp\/v2\/media\/5608"}],"wp:attachment":[{"href":"https:\/\/blogs.ugr.es\/thephilologist\/wp-json\/wp\/v2\/media?parent=5607"}],"wp:term":[{"taxonomy":"category","embeddable":true,"href":"https:\/\/blogs.ugr.es\/thephilologist\/wp-json\/wp\/v2\/categories?post=5607"},{"taxonomy":"post_tag","embeddable":true,"href":"https:\/\/blogs.ugr.es\/thephilologist\/wp-json\/wp\/v2\/tags?post=5607"}],"curies":[{"name":"wp","href":"https:\/\/api.w.org\/{rel}","templated":true}]}}