{"id":572,"date":"2016-12-18T09:38:41","date_gmt":"2016-12-18T09:38:41","guid":{"rendered":"https:\/\/thephilologistugr.wordpress.com\/?p=572"},"modified":"2016-12-18T09:38:41","modified_gmt":"2016-12-18T09:38:41","slug":"ii-jornadas-de-estudios-irlandeses-cronica","status":"publish","type":"post","link":"https:\/\/blogs.ugr.es\/thephilologist\/ii-jornadas-de-estudios-irlandeses-cronica\/","title":{"rendered":"II Jornadas de Estudios Irlandeses (Cr\u00f3nica)"},"content":{"rendered":"<p style=\"text-align:justify\">Como sab\u00e9is, del 12 al 16 de diciembre se celebraron las <strong>Segundas Jornadas de Estudios Irlandeses en la Facultad de Filosof\u00eda y Letras<\/strong>. Organizadas por el <strong>Centro de Estudios Irlandeses<\/strong> y dirigidas por <strong>Pilar Villar Arg\u00e1iz<\/strong> y <strong>Burcu G\u00fcl\u00fcm Tekin<\/strong>, han reunido a expertos de los m\u00e1s diversos \u00e1mbitos relacionados con la <strong>cultura<\/strong> y la <strong>historia irlandesas<\/strong>.<!--more--> <strong>Poetas<\/strong> de renombre, <strong>m\u00fasicos<\/strong>, profesionales del<strong>cine<\/strong>, del <strong>derecho<\/strong>, <strong>ling\u00fcistas<\/strong>, <strong>j\u00f3venes<\/strong> de marcado talento e <strong>investigadores<\/strong> de nuestra universidad, entre otros, han hecho posible una apasionante <strong>semana de seminarios<\/strong> en la que han ofrecido una visi\u00f3n diferente de Irlanda.<\/p>\n\n<p style=\"text-align:justify\"><span style=\"color:#ccffcc\"><strong>Literatura irlandesa: No todo va a ser Joyce<\/strong><\/span><\/p>\n<p style=\"text-align:justify\">Si bien es verdad que, al menos a los que tenemos alg\u00fan tipo de relaci\u00f3n con este departamento, nombres como <strong>James Joyce<\/strong>,<strong> Seamus Heaney<\/strong>,<strong> W.B. Yeats <\/strong>o<strong> Samuel Beckett<\/strong> no pueden dejarnos indiferentes, hay todav\u00eda mucho por conocer con respecto a la <strong>literatura irlandesa<\/strong>. Durante estas Jornadas, tuvimos noticia de autores y t\u00edtulos en su mayor\u00eda desconocidos para el p\u00fablico general.<\/p>\n<p style=\"text-align:justify\">En los seminarios impartidos, tuvimos el privilegio de escuchar e incluso descubrir a autores como <strong>Eil\u00e9an N\u00ed Chuillean\u00e1in<\/strong> y <strong>Macdara Woods<\/strong>. En el caso de <strong>Eil\u00e9an<\/strong>, poeta de renombre, pudimos descubrir a trav\u00e9s de su innovadora poes\u00eda una visi\u00f3n distinta del <strong>folclore<\/strong> y la <strong>religi\u00f3n<\/strong> en Irlanda, sin dejar nunca de lado el papel fundamental de las <strong>mujeres en la sociedad<\/strong> (incluidas las monjas). En el caso de <strong>Macdara<\/strong>, no s\u00f3lo nos recit\u00f3 algunos de sus poemas con su caracter\u00edstico acento de Cork, sino que adem\u00e1s tuvimos el placer de escucharle cantar el \u00faltimo de su conferencia.<\/p>\n<p style=\"text-align:justify\">Por otro lado, asistimos a distintos an\u00e1lisis de diversas obras desde una perspectiva de g\u00e9nero. <strong>\u00c1ngela Rivera<\/strong> nos presentaba su trabajo acerca de la obra de <strong>Maeve Kelly <em>A Life of Her Own<\/em><\/strong>, en el que estudia el papel de la mujer en la sociedad y, m\u00e1s concretamente en la historia <strong>\u201cThe Vain Woman\u201d<\/strong>, la figura de \u201cla nueva mujer irlandesa\u201d y su rebeli\u00f3n dentro del matrimonio.<\/p>\n<p style=\"text-align:justify\">De igual manera, <strong>John Keating<\/strong> expuso su trabajo sobre la novela de <strong>Eimar O\u2019Duffy <em>The Wasted Island<\/em><\/strong>, obra con tintes autobiogr\u00e1ficos en la que el autor da cuenta del <strong>Alzamiento de Pascua de 1916<\/strong> y de sus l\u00edderes. En \u00e9l, alude a la <strong>marginalizaci\u00f3n de las mujeres<\/strong>, que parad\u00f3jicamente fueron parte fundamental del conflicto, con respecto a la toma de decisiones pol\u00edticas y a las discusiones sobre moral.<\/p>\n<p style=\"text-align:justify\">Una vez m\u00e1s desde la <strong>perspectiva de g\u00e9nero<\/strong>, en este caso con respecto a la masculinidad y su conexi\u00f3n con la violencia durante \u201cel conflicto de Irlanda del Norte\u201d,<strong> Luis Antonio Rivera<\/strong> analiz\u00f3 la \u201cviolenta p\u00e9rdida de la figura masculina\u201d en las obras de <strong>Deirdre Madden <em>Hidden Symptoms<\/em><\/strong> y <strong><em>One by One in the Darkness<\/em><\/strong>. Entre otros asuntos, abord\u00f3 el concepto de <strong>masculinidad hegem\u00f3nica<\/strong>, prevalente en el per\u00edodo del conflicto, en el que los hombres cuya masculinidad no encajaba dentro de la visi\u00f3n conservadora se convert\u00edan en blanco f\u00e1cil de paramilitares unionistas.<\/p>\n<p style=\"text-align:justify\">En su ponencia, <strong>Burcu G\u00fcl\u00fcm Tekin<\/strong> present\u00f3 su trabajo sobre el cuento infantil <strong><em>Her Mother\u2019s Face<\/em><\/strong>, de <strong>Roddy Doyle<\/strong>. En \u00e9l, la protagonista busca a su madre, que ha desaparecido, mirando en el espejo hasta que acaba por convertirse en ella. G\u00fcl\u00fcm analiza en esta obra la falta de un modelo masculino a seguir y se centra en s\u00edmbolos tales como el espejo, al que relaciona directamente con la <strong>teor\u00eda del \u201cestadio del espejo\u201d de Lacan<\/strong>.<\/p>\n<p style=\"text-align:justify\">Desde el prisma de la <strong>ecocr\u00edtica<\/strong>, <strong>Marjan Shokouhi<\/strong> expuso su visi\u00f3n del paisaje urbano en relaci\u00f3n con la identidad irlandesa. Las ciudades han sido espacios ignorados en el \u00e1mbito de la ecocr\u00edtica, as\u00ed como en la literatura irlandesa. Esto cambiar\u00eda con la introducci\u00f3n de <strong>Dubl\u00edn<\/strong> como escenario que hace <strong>James Joyce<\/strong>. La poes\u00eda de <strong>Patrick Kavanagh<\/strong> y <strong>Louis MacNeice<\/strong> contribuy\u00f3 tambi\u00e9n a que el espacio urbano fuera rescatado en el arte.<\/p>\n<p style=\"text-align:justify\"><strong>Christian Ferrer<\/strong> nos introdujo la figura de <strong>Rorey O\u2019Neill<\/strong> y su libro <em><strong>Woman in the Making<\/strong>.<\/em> Gracias a \u00e9l hemos podido conocer m\u00e1s a fondo la figura de la<strong> <em>drag queen<\/em><\/strong>, clave en la lucha por la <strong>igualdad de derechos LGBTQ en Irlanda<\/strong>.<\/p>\n<p style=\"text-align:justify\"><strong>Y no todo iba a ser Joyce, pero Joyce no pod\u00eda faltar<\/strong>. Nuestro profesor <strong>Jos\u00e9 Ruiz Mas<\/strong> nos present\u00f3, en <strong>exclusiva<\/strong>, su propuesta para la <strong>traducci\u00f3n al castellano de <em>Pomes Penyeach<\/em><\/strong>, una colecci\u00f3n de poemas del escritor irland\u00e9s. Pepe habl\u00f3 adem\u00e1s de las dificultades en la traducci\u00f3n de los poemas, como la utilizaci\u00f3n de localismos. Ejemplo de ello es el poema <strong><em>Tilly<\/em><\/strong>, una palabra irlandesa que podr\u00edamos traducir como \u201cuno de propina\u201d, o, como hizo Pepe en su traducci\u00f3n, con el t\u00e9rmino granadino <em>manda\u00edco<\/em>. Esperamos todos que <strong><em>A Penique el Poma <\/em><\/strong>se publique muy pronto.<\/p>\n<p style=\"text-align:justify\"><span style=\"color:#ccffcc\"><strong>Justice for Magdalenes<\/strong><\/span><\/p>\n<p style=\"text-align:justify\">Las lavander\u00edas de las <strong>Magdalenas en Irlanda<\/strong> y sus v\u00edctimas son ya parte del lado m\u00e1s triste de la historia -aunque tambi\u00e9n actualidad- de Irlanda. En estas jornadas contamos con la presencia de <strong>Katherine O\u2019Donnell<\/strong>, que expuso con todo detalle la triste e indignante historia detr\u00e1s de estas instituciones, as\u00ed como su campa\u00f1a en favor de compensar de manera justa a las supervivientes. En activo <strong>desde el siglo XVIII hasta finales del XX<\/strong>, las lavander\u00edas de las Magdalenas eran lugares donde se enviaba toda mujer que se sal\u00eda del canon de \u201cmujer cat\u00f3lica\u201d, ya fueran prostitutas, madres solteras, o sencillamente mujeres a las que el cura consideraba menos \u201cvirtuosas\u201d de la cuenta. All\u00ed eran <strong>encerradas muchas veces hasta el final de sus vidas<\/strong>, trabajando sin descanso y con una ley de estricto silencio, para acabar siendo enterradas en fosas comunes y, finalmente, <strong>olvidadas<\/strong>. Podemos ver la historia completa de estos centros y los logros conseguidos hasta la fecha en <a href=\"http:\/\/www.magdalenelaundries.com\/\">www.magdalenelaundries.com<\/a>.<\/p>\n<p style=\"text-align:justify\">Desde el punto de vista del an\u00e1lisis discursivo, <strong>Miguel \u00c1ngel Ben\u00edtez Castro <\/strong>y nuestra profesora <strong>Encarnaci\u00f3n Hidalgo Tenorio<\/strong> expusieron parte del an\u00e1lisis de <strong>testimonios de las supervivientes<\/strong> de las lavander\u00edas y otras personas relacionadas con esos centros (familiares, vecinos, extrabajadores, etc.). Se puso de manifiesto la huella indeleble que la violencia y el abuso dejaron en la visi\u00f3n que tienen de s\u00ed mismas, consider\u00e1ndose como criminales e incluso culpables de aquella situaci\u00f3n.<\/p>\n<p style=\"text-align:justify\"><span style=\"color:#ccffcc\"><strong>Let\u2019s sing and dance: The Irish way<\/strong><\/span><\/p>\n<p style=\"text-align:justify\">Durante estas Jornadas, contamos tambi\u00e9n con la presencia de la artista folk <strong>Mary McPartlan<\/strong> que nos deleit\u00f3 con la interpretaci\u00f3n de algunas de sus canciones, tales como <strong>\u201cVictor Jara\u201d<\/strong>,<strong> \u201cJohnny Lovely Johnny\u201d <\/strong>o<strong> \u201cSlieve Gallion Braes\u201d<\/strong>. Mary habl\u00f3 de la <strong>inspiraci\u00f3n<\/strong> para su m\u00fasica, proveniente de <strong>tradici\u00f3n oral del norte de Irlanda<\/strong>, y de los <strong>temas<\/strong> presentes en sus canciones, como los <strong>derechos humanos<\/strong> y el <strong>trabajo de las mujeres en las f\u00e1bricas<\/strong>. Adem\u00e1s, relat\u00f3 su estrecha relaci\u00f3n con leyendas de la m\u00fasica folk como <strong>Jeanne Ritchie<\/strong>, cantante y coleccionista de canciones folk procedente de la Appalachia. Podemos encontrar a Mary McPartlan en canales como <a href=\"https:\/\/play.spotify.com\/artist\/7rILYkcgISnPVa1pWOjiwE\">Spotify<\/a>\u00a0(pinchar en el enlace para acceder).<\/p>\n<p style=\"text-align:justify\">A\u00fan dentro del mundo de la m\u00fasica, <strong>Lydia Canning<\/strong> nos trajo un estudio intercultural del famoso <em><strong>Irish Stepdance<\/strong>, <\/em>o danza tradicional irlandesa. Sus or\u00edgenes y la importancia cultural de los \u201cc\u00e9ilis\u201d en la tradici\u00f3n y la identidad nacional fueron parte fundamental de su trabajo, as\u00ed como la internacionalizaci\u00f3n de la danza gracias a las competiciones y el programa <em><a href=\"https:\/\/www.youtube.com\/watch?v=FoHlrQScWl0\" target=\"_blank\" rel=\"noopener\">Riverdance<\/a><\/em>.<\/p>\n<p style=\"text-align:justify\"><span style=\"color:#ccffcc\"><strong>Historia para no olvidar<\/strong><\/span><\/p>\n<p style=\"text-align:justify\">Para hablarnos de los terribles hechos acaecidos durante el conocido como <strong><em>Bloody Sunday<\/em><\/strong> y el impacto de los juicios posteriores, <strong>Josefa Ruiz Resa<\/strong> present\u00f3 su trabajo sobre las consecuencias sociales y pol\u00edticas de aquellos procesos judiciales, que condenaron a las v\u00edctimas m\u00e1s que a los propios responsables del ej\u00e9rcito brit\u00e1nico. El impacto de aquellas sentencias produjo un cambio en la visi\u00f3n social de la justicia del pa\u00eds. Para quien quiera saber un poco qu\u00e9 ocurri\u00f3, Josefa recomienda ver este v\u00eddeo musical de la canci\u00f3n <em><a href=\"https:\/\/www.youtube.com\/watch?v=Yv5U0A10hrI\" target=\"_blank\" rel=\"noopener\">Sunday Bloody Sunday<\/a><\/em>, de la banda irlandesa <strong>U2<\/strong>, dado su gran parecido con la realidad (los de l\u00e1grima f\u00e1cil lo tenemos dif\u00edcil para verlo entero).<\/p>\n<p style=\"text-align:justify\">Por otro lado, <strong>Celia Prados<\/strong> nos habl\u00f3 de los <strong>diputados de las Cortes de C\u00e1diz<\/strong> Santiago Key, Juan Bernardo O\u2019Gavan y Ram\u00f3n Power y Giralt, los tres de ascendencia irlandesa. Tambi\u00e9n abord\u00f3 el tema de la <strong>influencia de las corporaciones irlandesas en el comercio espa\u00f1ol<\/strong> desde la \u00e9poca de Felipe II.<\/p>\n<p style=\"text-align:justify\">Ya desde una perspectiva interdisciplinar, <strong>Juan R\u00e1ez Padilla<\/strong> se centr\u00f3 en la identidad irlandesa y las relaciones del pa\u00eds con sus vecinos brit\u00e1nicos. <strong><em>Michael Collins<\/em><\/strong> y <strong><em>The Boxer<\/em><\/strong> fueron dos de las <strong>pel\u00edculas<\/strong> recomendadas por \u00e9l para poder entender el periodo revolucionario irland\u00e9s. En la presentaci\u00f3n tambi\u00e9n se refiri\u00f3 a <strong>Seamus Heaney<\/strong> (responsable del <strong><em>Beowulf<\/em><\/strong> que conocemos, entre muchas otras) y al papel de la lengua en la construcci\u00f3n de la identidad cultural irlandesa.<\/p>\n<p style=\"text-align:justify\">Tambi\u00e9n con Heaney como protagonista, el cineasta <strong>Maurice Fitzpatrick<\/strong> nos trajo <strong><em>The Boys of St. Columbus<\/em><\/strong>, documental del que \u00e9l es guionista. En \u00e9l se pueden ver las vidas de ic\u00f3nicas figuras irlandesas como el propio <strong>Seamus Heaney<\/strong>, <strong>John Hume<\/strong> o <strong>Seamus Deane<\/strong>, que asistieron curiosamente al mismo colegio de la ciudad de Derry en los a\u00f1os cincuenta.<\/p>\n<p style=\"text-align:justify\"><span style=\"color:#ccffcc\"><strong>\u201cFind a grave online\u201d<\/strong><\/span><\/p>\n<p style=\"text-align:justify\">Tal que as\u00ed, <strong>Maurizio Toscano<\/strong> nos present\u00f3 su proyecto <a href=\"http:\/\/historicgraves.com\">historicgraves.com<\/a>, el \u00fanico <strong>buscador que permite localizar cementerios y tumbas hist\u00f3ricas de Irlanda<\/strong>. Gracias al archivo de \u00e9stas, muchas personas con ascendencia irlandesa han podido localizar a sus antepasados, adem\u00e1s de contribuir a la conservaci\u00f3n de estos lugares para que no caigan en el olvido.<\/p>\n<p style=\"text-align:justify\">Me gustar\u00eda agradecer desde aqu\u00ed tanto a las <strong>organizadoras, Pilar y G\u00fcl\u00fcm<\/strong>, como a los <strong>coordinadores, Encarni y Pepe<\/strong>, por haber hecho posibles estas Segundas Jornadas, que, estoy segura, nos han acercado a <strong>Irlanda<\/strong> y su <strong>cultura<\/strong>.<\/p>\n<p style=\"text-align:justify\">Autora: F.G.R.<\/p>\n<p>Fotograf\u00edas: Pilar Villar Arg\u00e1iz, Ignacio Mart\u00ednez Pag\u00e1n<\/p>\n<p>Editora: E.R.S.<\/p>\n","protected":false},"excerpt":{"rendered":"<p>Como sab\u00e9is, del 12 al 16 de diciembre se celebraron las Segundas Jornadas de Estudios Irlandeses en la Facultad de Filosof\u00eda y Letras. Organizadas por el Centro de Estudios Irlandeses y dirigidas por Pilar Villar Arg\u00e1iz y Burcu G\u00fcl\u00fcm Tekin, han reunido a expertos de los m\u00e1s diversos \u00e1mbitos relacionados con la cultura y la [&hellip;]<\/p>\n","protected":false},"author":21,"featured_media":605,"comment_status":"open","ping_status":"open","sticky":false,"template":"","format":"standard","meta":{"_genesis_hide_title":false,"_genesis_hide_breadcrumbs":false,"_genesis_hide_singular_image":false,"_genesis_hide_footer_widgets":false,"_genesis_custom_body_class":"","_genesis_custom_post_class":"","_genesis_layout":"","footnotes":""},"categories":[10],"tags":[68,87,101,103,108,118,133,134,139,140,144,153,154,161,162,167,230,232,242,252,253,254,258,261,264,267,269,270,272,278,301,304,306,307,309,313,315,319,320,328,329,335,337,347,358,340,387,388,389,390,433,436,440,449,450,545],"class_list":{"0":"post-572","1":"post","2":"type-post","3":"status-publish","4":"format-standard","5":"has-post-thumbnail","7":"category-lectures-articles","8":"tag-angela-rivera","9":"tag-burcu-gulum-tekin","10":"tag-celia-prados","11":"tag-christian-ferrer","12":"tag-cine","13":"tag-conferencia","14":"tag-cultura","15":"tag-culture","16":"tag-dance","17":"tag-danza","18":"tag-deirdre-madden","19":"tag-dublin","20":"tag-ecocritica","21":"tag-eilean-ni-chuilleanain","22":"tag-eimar-oduffy","23":"tag-encarnacion-hidalgo-tenorio","24":"tag-historia","25":"tag-history","26":"tag-ii-jornadas-de-estudios-irlandeses","27":"tag-ireland","28":"tag-irish","29":"tag-irlanda","30":"tag-james-joyce","31":"tag-jeanne-ritchie","32":"tag-john-keating","33":"tag-jornadas-de-estudios-irlandeses","34":"tag-jose-ruiz-mas","35":"tag-josefa-ruiz-resa","36":"tag-juan-raez-padilla","37":"tag-katherine-odonnell","38":"tag-lgbtq","39":"tag-linguistica","40":"tag-linguistics","41":"tag-literatura","42":"tag-literature","43":"tag-louis-macneice","44":"tag-luis-antonio-rivera","45":"tag-macdara-woods","46":"tag-maeve-kelly","47":"tag-marjan-shokouhi","48":"tag-mary-mcpartlan","49":"tag-maurice-fitzpatrick","50":"tag-maurizio-toscano","51":"tag-miguel-angel-benitez-castro","52":"tag-music","53":"tag-musica","54":"tag-peter-kavanagh","55":"tag-pilar-villar-argaiz","56":"tag-poesia","57":"tag-poetry","58":"tag-roddy-doyle","59":"tag-rorey-oneill","60":"tag-samuel-beckett","61":"tag-seamus-heaney","62":"tag-seminario","63":"tag-w-b-yeats","64":"entry"},"_links":{"self":[{"href":"https:\/\/blogs.ugr.es\/thephilologist\/wp-json\/wp\/v2\/posts\/572","targetHints":{"allow":["GET"]}}],"collection":[{"href":"https:\/\/blogs.ugr.es\/thephilologist\/wp-json\/wp\/v2\/posts"}],"about":[{"href":"https:\/\/blogs.ugr.es\/thephilologist\/wp-json\/wp\/v2\/types\/post"}],"author":[{"embeddable":true,"href":"https:\/\/blogs.ugr.es\/thephilologist\/wp-json\/wp\/v2\/users\/21"}],"replies":[{"embeddable":true,"href":"https:\/\/blogs.ugr.es\/thephilologist\/wp-json\/wp\/v2\/comments?post=572"}],"version-history":[{"count":0,"href":"https:\/\/blogs.ugr.es\/thephilologist\/wp-json\/wp\/v2\/posts\/572\/revisions"}],"wp:featuredmedia":[{"embeddable":true,"href":"https:\/\/blogs.ugr.es\/thephilologist\/wp-json\/"}],"wp:attachment":[{"href":"https:\/\/blogs.ugr.es\/thephilologist\/wp-json\/wp\/v2\/media?parent=572"}],"wp:term":[{"taxonomy":"category","embeddable":true,"href":"https:\/\/blogs.ugr.es\/thephilologist\/wp-json\/wp\/v2\/categories?post=572"},{"taxonomy":"post_tag","embeddable":true,"href":"https:\/\/blogs.ugr.es\/thephilologist\/wp-json\/wp\/v2\/tags?post=572"}],"curies":[{"name":"wp","href":"https:\/\/api.w.org\/{rel}","templated":true}]}}